{"id":9590,"date":"2026-09-03T13:00:00","date_gmt":"2026-09-03T12:00:00","guid":{"rendered":"https:\/\/dovida.ch\/?p=9590"},"modified":"2026-09-01T14:27:24","modified_gmt":"2026-09-01T13:27:24","slug":"etude-baloise-la-technologie-des-capteurs-qui-reduit-le-risque-de-chute","status":"publish","type":"post","link":"https:\/\/dovida.ch\/fr\/neuigkeiten\/etude-baloise-la-technologie-des-capteurs-qui-reduit-le-risque-de-chute\/","title":{"rendered":"\u00c9tude b\u00e2loise: la technologie des capteurs qui r\u00e9duit le risque de chute"},"content":{"rendered":"\n<p class=\"wp-block-paragraph\"><\/p>\n\n<div class=\"wp-block-group is-layout-flow wp-block-group-is-layout-flow\">\n<section class=\"wp-block-dovida-post-cover mt-post-cover\"><div class=\"mt-post-cover__inner\"><div class=\"mt-post-cover__text-container\"><p class=\"mt-post-cover__category\">Actualit\u00e9s<\/p><p class=\"mt-post-cover__date\">3. September 2026<\/p><h1 class=\"mt-post-cover__title\">\u00c9tude b\u00e2loise: la technologie des capteurs qui r\u00e9duit le risque de chute<\/h1><\/div><\/div><\/section>\n\n\n\n<section class=\"wp-block-dovida-post-content mt-post-content\"><div class=\"mt-post-content__inner\"><div class=\"mt-post-content__content\">\n<p class=\"wp-block-paragraph\">Les chutes font partie des \u00e9v\u00e8nements ind\u00e9sirables qui touchent le plus souvent les personnes \u00e2g\u00e9es admises \u00e0 l\u2019h\u00f4pital ou en \u00e9tablissement m\u00e9dico-social. Les cons\u00e9quences peuvent \u00eatre graves: blessures, s\u00e9jours hospitaliers prolong\u00e9s ou perte d&rsquo;autonomie d\u00e9finitive. Il est donc d\u2019autant plus important de trouver des solutions permettant d&rsquo;identifier pr\u00e9cocement les situations \u00e0 risque et d\u2019offrir un soutien cibl\u00e9 au personnel soignant.  <\/p>\n\n\n\n<p class=\"wp-block-paragraph\">Une \u00e9tude r\u00e9cente de l\u2019Universit\u00e4ren Altersmedizin Felix Platter (UAFP) (Service universitaire de g\u00e9riatrie Felix Platter) de B\u00e2le a \u00e9valu\u00e9 le fonctionnement de diff\u00e9rents syst\u00e8mes de d\u00e9tection des sorties de lit. Elle a compar\u00e9 des tapis de contact traditionnels avec un syst\u00e8me de capteurs radar sans contact. <\/p>\n\n\n\n<p class=\"wp-block-paragraph\">Le r\u00e9sultat est particuli\u00e8rement int\u00e9ressant: les capteurs radar ont permis de r\u00e9duire de moiti\u00e9 la fr\u00e9quence des chutes chez les patients et patientes souffrant de d\u00e9lirium, comparativement aux tapis de contact classiques. Dans le m\u00eame temps, le nombre de fausses alertes a diminu\u00e9, permettant ainsi d\u2019all\u00e9ger la charge de travail du personnel soignant. <\/p>\n\n\n\n<p class=\"wp-block-paragraph\">L\u2019avantage d\u00e9terminant tient au moment o\u00f9 l\u2019alerte se d\u00e9clenche. Alors que les tapis de contact r\u00e9agissent quand la personne est en train de se lever ou met les pieds au sol, le syst\u00e8me de capteurs d\u00e9tecte l\u2019intention de bouger plus t\u00f4t. Ainsi, le personnel soignant ou les accompagnant\/es gagnent de pr\u00e9cieuses secondes pour intervenir \u00e0 temps.  <\/p>\n\n\n\n<div class=\"wp-block-buttons is-layout-flex wp-block-buttons-is-layout-flex\">\n<div class=\"wp-block-button\"><a class=\"wp-block-button__link wp-element-button\" href=\"https:\/\/agsjournals.onlinelibrary.wiley.com\/doi\/epdf\/10.1111\/jgs.70635\">Lien vers l\u2019\u00e9tude (en anglais)<\/a><\/div>\n<\/div>\n<\/div><\/div><\/section>\n<\/div>\n","protected":false},"excerpt":{"rendered":"","protected":false},"author":13,"featured_media":7439,"comment_status":"closed","ping_status":"closed","sticky":false,"template":"","format":"standard","meta":{"_acf_changed":false,"footnotes":""},"categories":[43],"tags":[],"class_list":["post-9590","post","type-post","status-publish","format-standard","has-post-thumbnail","hentry","category-actualites"],"acf":[],"yoast_head":"<!-- This site is optimized with the Yoast SEO plugin v28.2 - https:\/\/yoast.com\/product\/yoast-seo-wordpress\/ -->\n<title>\u00c9tude b\u00e2loise: la technologie des capteurs qui r\u00e9duit le risque de chute - Dovida CH<\/title>\n<meta name=\"robots\" content=\"index, follow, max-snippet:-1, max-image-preview:large, max-video-preview:-1\" \/>\n<link rel=\"canonical\" href=\"https:\/\/dovida.ch\/fr\/neuigkeiten\/etude-baloise-la-technologie-des-capteurs-qui-reduit-le-risque-de-chute\/\" \/>\n<meta property=\"og:locale\" content=\"fr_FR\" \/>\n<meta property=\"og:type\" content=\"article\" \/>\n<meta property=\"og:title\" content=\"\u00c9tude b\u00e2loise: la technologie des capteurs qui r\u00e9duit le risque de chute - Dovida CH\" \/>\n<meta property=\"og:url\" content=\"https:\/\/dovida.ch\/fr\/neuigkeiten\/etude-baloise-la-technologie-des-capteurs-qui-reduit-le-risque-de-chute\/\" \/>\n<meta property=\"og:site_name\" content=\"Dovida CH\" \/>\n<meta property=\"article:published_time\" content=\"2026-09-03T12:00:00+00:00\" \/>\n<meta property=\"og:image\" content=\"https:\/\/dovida.ch\/wp-content\/uploads\/sites\/7\/2026\/01\/iStock-1046447804-scaled.jpg\" \/>\n\t<meta property=\"og:image:width\" content=\"2000\" \/>\n\t<meta property=\"og:image:height\" content=\"1125\" \/>\n\t<meta property=\"og:image:type\" content=\"image\/jpeg\" \/>\n<meta name=\"author\" content=\"Patrick H\u00e4fliger\" \/>\n<meta name=\"twitter:card\" content=\"summary_large_image\" \/>\n<meta name=\"twitter:label1\" content=\"\u00c9crit par\" \/>\n\t<meta name=\"twitter:data1\" content=\"Patrick H\u00e4fliger\" \/>\n\t<meta name=\"twitter:label2\" content=\"Dur\u00e9e de lecture estim\u00e9e\" \/>\n\t<meta name=\"twitter:data2\" content=\"1 minute\" \/>\n<script type=\"application\/ld+json\" class=\"yoast-schema-graph\">{\"@context\":\"https:\\\/\\\/schema.org\",\"@graph\":[{\"@type\":\"Article\",\"@id\":\"https:\\\/\\\/dovida.ch\\\/fr\\\/neuigkeiten\\\/etude-baloise-la-technologie-des-capteurs-qui-reduit-le-risque-de-chute\\\/#article\",\"isPartOf\":{\"@id\":\"https:\\\/\\\/dovida.ch\\\/fr\\\/neuigkeiten\\\/etude-baloise-la-technologie-des-capteurs-qui-reduit-le-risque-de-chute\\\/\"},\"author\":{\"name\":\"Patrick H\u00e4fliger\",\"@id\":\"https:\\\/\\\/dovida.ch\\\/fr\\\/#\\\/schema\\\/person\\\/dc6ae73bb3a67d5b0627d717e4c86a5f\"},\"headline\":\"\u00c9tude b\u00e2loise: la technologie des capteurs qui r\u00e9duit le risque de chute\",\"datePublished\":\"2026-09-03T12:00:00+00:00\",\"mainEntityOfPage\":{\"@id\":\"https:\\\/\\\/dovida.ch\\\/fr\\\/neuigkeiten\\\/etude-baloise-la-technologie-des-capteurs-qui-reduit-le-risque-de-chute\\\/\"},\"wordCount\":293,\"publisher\":{\"@id\":\"https:\\\/\\\/dovida.ch\\\/fr\\\/#organization\"},\"image\":{\"@id\":\"https:\\\/\\\/dovida.ch\\\/fr\\\/neuigkeiten\\\/etude-baloise-la-technologie-des-capteurs-qui-reduit-le-risque-de-chute\\\/#primaryimage\"},\"thumbnailUrl\":\"https:\\\/\\\/dovida.ch\\\/wp-content\\\/uploads\\\/sites\\\/7\\\/2026\\\/01\\\/iStock-1046447804-scaled.jpg\",\"articleSection\":[\"Actualit\u00e9s\"],\"inLanguage\":\"fr-FR\"},{\"@type\":\"WebPage\",\"@id\":\"https:\\\/\\\/dovida.ch\\\/fr\\\/neuigkeiten\\\/etude-baloise-la-technologie-des-capteurs-qui-reduit-le-risque-de-chute\\\/\",\"url\":\"https:\\\/\\\/dovida.ch\\\/fr\\\/neuigkeiten\\\/etude-baloise-la-technologie-des-capteurs-qui-reduit-le-risque-de-chute\\\/\",\"name\":\"\u00c9tude b\u00e2loise: la technologie des capteurs qui r\u00e9duit le risque de chute - Dovida CH\",\"isPartOf\":{\"@id\":\"https:\\\/\\\/dovida.ch\\\/fr\\\/#website\"},\"primaryImageOfPage\":{\"@id\":\"https:\\\/\\\/dovida.ch\\\/fr\\\/neuigkeiten\\\/etude-baloise-la-technologie-des-capteurs-qui-reduit-le-risque-de-chute\\\/#primaryimage\"},\"image\":{\"@id\":\"https:\\\/\\\/dovida.ch\\\/fr\\\/neuigkeiten\\\/etude-baloise-la-technologie-des-capteurs-qui-reduit-le-risque-de-chute\\\/#primaryimage\"},\"thumbnailUrl\":\"https:\\\/\\\/dovida.ch\\\/wp-content\\\/uploads\\\/sites\\\/7\\\/2026\\\/01\\\/iStock-1046447804-scaled.jpg\",\"datePublished\":\"2026-09-03T12:00:00+00:00\",\"breadcrumb\":{\"@id\":\"https:\\\/\\\/dovida.ch\\\/fr\\\/neuigkeiten\\\/etude-baloise-la-technologie-des-capteurs-qui-reduit-le-risque-de-chute\\\/#breadcrumb\"},\"inLanguage\":\"fr-FR\",\"potentialAction\":[{\"@type\":\"ReadAction\",\"target\":[\"https:\\\/\\\/dovida.ch\\\/fr\\\/neuigkeiten\\\/etude-baloise-la-technologie-des-capteurs-qui-reduit-le-risque-de-chute\\\/\"]}]},{\"@type\":\"ImageObject\",\"inLanguage\":\"fr-FR\",\"@id\":\"https:\\\/\\\/dovida.ch\\\/fr\\\/neuigkeiten\\\/etude-baloise-la-technologie-des-capteurs-qui-reduit-le-risque-de-chute\\\/#primaryimage\",\"url\":\"https:\\\/\\\/dovida.ch\\\/wp-content\\\/uploads\\\/sites\\\/7\\\/2026\\\/01\\\/iStock-1046447804-scaled.jpg\",\"contentUrl\":\"https:\\\/\\\/dovida.ch\\\/wp-content\\\/uploads\\\/sites\\\/7\\\/2026\\\/01\\\/iStock-1046447804-scaled.jpg\",\"width\":2000,\"height\":1125,\"caption\":\"In the Hospital Sick Male Patient Sleeps on the Bed. Heart Rate Monitor Equipment is on His Finger.\"},{\"@type\":\"BreadcrumbList\",\"@id\":\"https:\\\/\\\/dovida.ch\\\/fr\\\/neuigkeiten\\\/etude-baloise-la-technologie-des-capteurs-qui-reduit-le-risque-de-chute\\\/#breadcrumb\",\"itemListElement\":[{\"@type\":\"ListItem\",\"position\":1,\"name\":\"Home\",\"item\":\"https:\\\/\\\/dovida.ch\\\/fr\\\/\"},{\"@type\":\"ListItem\",\"position\":2,\"name\":\"\u00c9tude b\u00e2loise: la technologie des capteurs qui r\u00e9duit le risque de chute\"}]},{\"@type\":\"WebSite\",\"@id\":\"https:\\\/\\\/dovida.ch\\\/fr\\\/#website\",\"url\":\"https:\\\/\\\/dovida.ch\\\/fr\\\/\",\"name\":\"Dovida\",\"description\":\"\",\"publisher\":{\"@id\":\"https:\\\/\\\/dovida.ch\\\/fr\\\/#organization\"},\"potentialAction\":[{\"@type\":\"SearchAction\",\"target\":{\"@type\":\"EntryPoint\",\"urlTemplate\":\"https:\\\/\\\/dovida.ch\\\/fr\\\/?s={search_term_string}\"},\"query-input\":{\"@type\":\"PropertyValueSpecification\",\"valueRequired\":true,\"valueName\":\"search_term_string\"}}],\"inLanguage\":\"fr-FR\"},{\"@type\":\"Organization\",\"@id\":\"https:\\\/\\\/dovida.ch\\\/fr\\\/#organization\",\"name\":\"Dovida\",\"url\":\"https:\\\/\\\/dovida.ch\\\/fr\\\/\",\"logo\":{\"@type\":\"ImageObject\",\"inLanguage\":\"fr-FR\",\"@id\":\"https:\\\/\\\/dovida.ch\\\/fr\\\/#\\\/schema\\\/logo\\\/image\\\/\",\"url\":\"https:\\\/\\\/dovida.ch\\\/wp-content\\\/uploads\\\/sites\\\/7\\\/2025\\\/03\\\/organization-logo.jpg\",\"contentUrl\":\"https:\\\/\\\/dovida.ch\\\/wp-content\\\/uploads\\\/sites\\\/7\\\/2025\\\/03\\\/organization-logo.jpg\",\"width\":696,\"height\":696,\"caption\":\"Dovida\"},\"image\":{\"@id\":\"https:\\\/\\\/dovida.ch\\\/fr\\\/#\\\/schema\\\/logo\\\/image\\\/\"}},{\"@type\":\"Person\",\"@id\":\"https:\\\/\\\/dovida.ch\\\/fr\\\/#\\\/schema\\\/person\\\/dc6ae73bb3a67d5b0627d717e4c86a5f\",\"name\":\"Patrick H\u00e4fliger\",\"image\":{\"@type\":\"ImageObject\",\"inLanguage\":\"fr-FR\",\"@id\":\"https:\\\/\\\/secure.gravatar.com\\\/avatar\\\/eca90d9aafcd81272410446b6a9d9fb70c5f3f938a21bec3de1477eafde17cf3?s=96&d=mm&r=g\",\"url\":\"https:\\\/\\\/secure.gravatar.com\\\/avatar\\\/eca90d9aafcd81272410446b6a9d9fb70c5f3f938a21bec3de1477eafde17cf3?s=96&d=mm&r=g\",\"contentUrl\":\"https:\\\/\\\/secure.gravatar.com\\\/avatar\\\/eca90d9aafcd81272410446b6a9d9fb70c5f3f938a21bec3de1477eafde17cf3?s=96&d=mm&r=g\",\"caption\":\"Patrick H\u00e4fliger\"}}]}<\/script>\n<!-- \/ Yoast SEO plugin. -->","yoast_head_json":{"title":"\u00c9tude b\u00e2loise: la technologie des capteurs qui r\u00e9duit le risque de chute - Dovida CH","robots":{"index":"index","follow":"follow","max-snippet":"max-snippet:-1","max-image-preview":"max-image-preview:large","max-video-preview":"max-video-preview:-1"},"canonical":"https:\/\/dovida.ch\/fr\/neuigkeiten\/etude-baloise-la-technologie-des-capteurs-qui-reduit-le-risque-de-chute\/","og_locale":"fr_FR","og_type":"article","og_title":"\u00c9tude b\u00e2loise: la technologie des capteurs qui r\u00e9duit le risque de chute - Dovida CH","og_url":"https:\/\/dovida.ch\/fr\/neuigkeiten\/etude-baloise-la-technologie-des-capteurs-qui-reduit-le-risque-de-chute\/","og_site_name":"Dovida CH","article_published_time":"2026-09-03T12:00:00+00:00","og_image":[{"width":2000,"height":1125,"url":"https:\/\/dovida.ch\/wp-content\/uploads\/sites\/7\/2026\/01\/iStock-1046447804-scaled.jpg","type":"image\/jpeg"}],"author":"Patrick H\u00e4fliger","twitter_card":"summary_large_image","twitter_misc":{"\u00c9crit par":"Patrick H\u00e4fliger","Dur\u00e9e de lecture estim\u00e9e":"1 minute"},"schema":{"@context":"https:\/\/schema.org","@graph":[{"@type":"Article","@id":"https:\/\/dovida.ch\/fr\/neuigkeiten\/etude-baloise-la-technologie-des-capteurs-qui-reduit-le-risque-de-chute\/#article","isPartOf":{"@id":"https:\/\/dovida.ch\/fr\/neuigkeiten\/etude-baloise-la-technologie-des-capteurs-qui-reduit-le-risque-de-chute\/"},"author":{"name":"Patrick H\u00e4fliger","@id":"https:\/\/dovida.ch\/fr\/#\/schema\/person\/dc6ae73bb3a67d5b0627d717e4c86a5f"},"headline":"\u00c9tude b\u00e2loise: la technologie des capteurs qui r\u00e9duit le risque de chute","datePublished":"2026-09-03T12:00:00+00:00","mainEntityOfPage":{"@id":"https:\/\/dovida.ch\/fr\/neuigkeiten\/etude-baloise-la-technologie-des-capteurs-qui-reduit-le-risque-de-chute\/"},"wordCount":293,"publisher":{"@id":"https:\/\/dovida.ch\/fr\/#organization"},"image":{"@id":"https:\/\/dovida.ch\/fr\/neuigkeiten\/etude-baloise-la-technologie-des-capteurs-qui-reduit-le-risque-de-chute\/#primaryimage"},"thumbnailUrl":"https:\/\/dovida.ch\/wp-content\/uploads\/sites\/7\/2026\/01\/iStock-1046447804-scaled.jpg","articleSection":["Actualit\u00e9s"],"inLanguage":"fr-FR"},{"@type":"WebPage","@id":"https:\/\/dovida.ch\/fr\/neuigkeiten\/etude-baloise-la-technologie-des-capteurs-qui-reduit-le-risque-de-chute\/","url":"https:\/\/dovida.ch\/fr\/neuigkeiten\/etude-baloise-la-technologie-des-capteurs-qui-reduit-le-risque-de-chute\/","name":"\u00c9tude b\u00e2loise: la technologie des capteurs qui r\u00e9duit le risque de chute - Dovida CH","isPartOf":{"@id":"https:\/\/dovida.ch\/fr\/#website"},"primaryImageOfPage":{"@id":"https:\/\/dovida.ch\/fr\/neuigkeiten\/etude-baloise-la-technologie-des-capteurs-qui-reduit-le-risque-de-chute\/#primaryimage"},"image":{"@id":"https:\/\/dovida.ch\/fr\/neuigkeiten\/etude-baloise-la-technologie-des-capteurs-qui-reduit-le-risque-de-chute\/#primaryimage"},"thumbnailUrl":"https:\/\/dovida.ch\/wp-content\/uploads\/sites\/7\/2026\/01\/iStock-1046447804-scaled.jpg","datePublished":"2026-09-03T12:00:00+00:00","breadcrumb":{"@id":"https:\/\/dovida.ch\/fr\/neuigkeiten\/etude-baloise-la-technologie-des-capteurs-qui-reduit-le-risque-de-chute\/#breadcrumb"},"inLanguage":"fr-FR","potentialAction":[{"@type":"ReadAction","target":["https:\/\/dovida.ch\/fr\/neuigkeiten\/etude-baloise-la-technologie-des-capteurs-qui-reduit-le-risque-de-chute\/"]}]},{"@type":"ImageObject","inLanguage":"fr-FR","@id":"https:\/\/dovida.ch\/fr\/neuigkeiten\/etude-baloise-la-technologie-des-capteurs-qui-reduit-le-risque-de-chute\/#primaryimage","url":"https:\/\/dovida.ch\/wp-content\/uploads\/sites\/7\/2026\/01\/iStock-1046447804-scaled.jpg","contentUrl":"https:\/\/dovida.ch\/wp-content\/uploads\/sites\/7\/2026\/01\/iStock-1046447804-scaled.jpg","width":2000,"height":1125,"caption":"In the Hospital Sick Male Patient Sleeps on the Bed. Heart Rate Monitor Equipment is on His Finger."},{"@type":"BreadcrumbList","@id":"https:\/\/dovida.ch\/fr\/neuigkeiten\/etude-baloise-la-technologie-des-capteurs-qui-reduit-le-risque-de-chute\/#breadcrumb","itemListElement":[{"@type":"ListItem","position":1,"name":"Home","item":"https:\/\/dovida.ch\/fr\/"},{"@type":"ListItem","position":2,"name":"\u00c9tude b\u00e2loise: la technologie des capteurs qui r\u00e9duit le risque de chute"}]},{"@type":"WebSite","@id":"https:\/\/dovida.ch\/fr\/#website","url":"https:\/\/dovida.ch\/fr\/","name":"Dovida","description":"","publisher":{"@id":"https:\/\/dovida.ch\/fr\/#organization"},"potentialAction":[{"@type":"SearchAction","target":{"@type":"EntryPoint","urlTemplate":"https:\/\/dovida.ch\/fr\/?s={search_term_string}"},"query-input":{"@type":"PropertyValueSpecification","valueRequired":true,"valueName":"search_term_string"}}],"inLanguage":"fr-FR"},{"@type":"Organization","@id":"https:\/\/dovida.ch\/fr\/#organization","name":"Dovida","url":"https:\/\/dovida.ch\/fr\/","logo":{"@type":"ImageObject","inLanguage":"fr-FR","@id":"https:\/\/dovida.ch\/fr\/#\/schema\/logo\/image\/","url":"https:\/\/dovida.ch\/wp-content\/uploads\/sites\/7\/2025\/03\/organization-logo.jpg","contentUrl":"https:\/\/dovida.ch\/wp-content\/uploads\/sites\/7\/2025\/03\/organization-logo.jpg","width":696,"height":696,"caption":"Dovida"},"image":{"@id":"https:\/\/dovida.ch\/fr\/#\/schema\/logo\/image\/"}},{"@type":"Person","@id":"https:\/\/dovida.ch\/fr\/#\/schema\/person\/dc6ae73bb3a67d5b0627d717e4c86a5f","name":"Patrick H\u00e4fliger","image":{"@type":"ImageObject","inLanguage":"fr-FR","@id":"https:\/\/secure.gravatar.com\/avatar\/eca90d9aafcd81272410446b6a9d9fb70c5f3f938a21bec3de1477eafde17cf3?s=96&d=mm&r=g","url":"https:\/\/secure.gravatar.com\/avatar\/eca90d9aafcd81272410446b6a9d9fb70c5f3f938a21bec3de1477eafde17cf3?s=96&d=mm&r=g","contentUrl":"https:\/\/secure.gravatar.com\/avatar\/eca90d9aafcd81272410446b6a9d9fb70c5f3f938a21bec3de1477eafde17cf3?s=96&d=mm&r=g","caption":"Patrick H\u00e4fliger"}}]}},"_links":{"self":[{"href":"https:\/\/dovida.ch\/fr\/wp-json\/wp\/v2\/posts\/9590","targetHints":{"allow":["GET"]}}],"collection":[{"href":"https:\/\/dovida.ch\/fr\/wp-json\/wp\/v2\/posts"}],"about":[{"href":"https:\/\/dovida.ch\/fr\/wp-json\/wp\/v2\/types\/post"}],"author":[{"embeddable":true,"href":"https:\/\/dovida.ch\/fr\/wp-json\/wp\/v2\/users\/13"}],"replies":[{"embeddable":true,"href":"https:\/\/dovida.ch\/fr\/wp-json\/wp\/v2\/comments?post=9590"}],"version-history":[{"count":1,"href":"https:\/\/dovida.ch\/fr\/wp-json\/wp\/v2\/posts\/9590\/revisions"}],"predecessor-version":[{"id":9591,"href":"https:\/\/dovida.ch\/fr\/wp-json\/wp\/v2\/posts\/9590\/revisions\/9591"}],"wp:featuredmedia":[{"embeddable":true,"href":"https:\/\/dovida.ch\/fr\/wp-json\/wp\/v2\/media\/7439"}],"wp:attachment":[{"href":"https:\/\/dovida.ch\/fr\/wp-json\/wp\/v2\/media?parent=9590"}],"wp:term":[{"taxonomy":"category","embeddable":true,"href":"https:\/\/dovida.ch\/fr\/wp-json\/wp\/v2\/categories?post=9590"},{"taxonomy":"post_tag","embeddable":true,"href":"https:\/\/dovida.ch\/fr\/wp-json\/wp\/v2\/tags?post=9590"}],"curies":[{"name":"wp","href":"https:\/\/api.w.org\/{rel}","templated":true}]}}