{"id":6228,"date":"2025-09-11T09:45:00","date_gmt":"2025-09-11T09:45:00","guid":{"rendered":"https:\/\/dovida.ch\/neuigkeiten\/nouvelle-fondation-competence-foundation-dementia-live\/"},"modified":"2025-10-13T15:03:11","modified_gmt":"2025-10-13T15:03:11","slug":"nouvelle-fondation-competence-foundation-dementia-live","status":"publish","type":"post","link":"https:\/\/dovida.ch\/fr\/neuigkeiten\/nouvelle-fondation-competence-foundation-dementia-live\/","title":{"rendered":"Nouvelle fondation : Competence Foundation dementia.live"},"content":{"rendered":"\n<div class=\"wp-block-group is-layout-flow wp-block-group-is-layout-flow\">\n<section class=\"wp-block-dovida-post-cover mt-post-cover\"><div class=\"mt-post-cover__inner\"><div class=\"mt-post-cover__text-container\"><p class=\"mt-post-cover__category\">Blog<\/p><p class=\"mt-post-cover__date\">12. September 2025<\/p><h1 class=\"mt-post-cover__title\">Nouvelle fondation : Competence Foundation dementia.live<\/h1><\/div><\/div><\/section>\n\n\n\n<section class=\"wp-block-dovida-post-content mt-post-content\"><div class=\"mt-post-content__inner\"><div class=\"mt-post-content__content\">\n<p>Actuellement, 161 100 personnes sont atteintes de d\u00e9mence en Suisse. Chaque ann\u00e9e, 34 800 nouveaux cas sont diagnostiqu\u00e9s, ce qui signifie que toutes les 15 minutes, une personne est atteinte de la maladie d&rsquo;Alzheimer ou d&rsquo;une autre forme de d\u00e9mence.  <br\/><br\/>La nouvelle fondation Competence Foundation dementia.live soutient des projets dans le domaine de l&rsquo;information et de la sensibilisation aux maladies li\u00e9es \u00e0 l&rsquo;\u00e2ge, en particulier les maladies neurologiques telles que la maladie d&rsquo;Alzheimer, ainsi que la science appliqu\u00e9e et la recherche. <br\/><br\/><br\/>Il s&rsquo;agit de transmettre des connaissances, de pr\u00e9venir l&rsquo;isolement et de mettre l&rsquo;humanit\u00e9 au centre des pr\u00e9occupations, aujourd&rsquo;hui et \u00e0 l&rsquo;avenir. La Competence Foundation dementia.live est active \u00e0 l&rsquo;\u00e9chelle internationale. <\/p>\n\n\n\n<p>Katrin Fritz, pr\u00e9sidente et directrice g\u00e9n\u00e9rale de la fondation, d\u00e9clare : \u00ab Les personnes atteintes de d\u00e9mence ont des besoins, des souhaits et une voix. Nous nous engageons \u00e0 faire en sorte qu&rsquo;elles soient entendues. Nous voulons \u00e9galement jeter des ponts, lutter contre les pr\u00e9jug\u00e9s et contribuer activement et efficacement \u00e0 la cr\u00e9ation d&rsquo;une soci\u00e9t\u00e9 adapt\u00e9e aux personnes atteintes de d\u00e9mence. \u00bb<br\/>\n  <br\/>\n    <a href=\"https:\/\/www.dementia.live\/\">Vers le site web dementia.live<\/a>\n  \n<\/p>\n<\/div><\/div><\/section>\n<\/div>\n\n<p><\/p>\n","protected":false},"excerpt":{"rendered":"","protected":false},"author":207,"featured_media":6022,"comment_status":"closed","ping_status":"closed","sticky":false,"template":"","format":"standard","meta":{"_acf_changed":false,"inline_featured_image":false,"footnotes":""},"categories":[4,3],"tags":[],"class_list":["post-6228","post","type-post","status-publish","format-standard","has-post-thumbnail","hentry","category-blog","category-news"],"acf":[],"yoast_head":"<!-- This site is optimized with the Yoast SEO plugin v26.9 - https:\/\/yoast.com\/product\/yoast-seo-wordpress\/ -->\n<title>Nouvelle fondation : Competence Foundation dementia.live - Dovida CH<\/title>\n<meta name=\"robots\" content=\"index, follow, max-snippet:-1, max-image-preview:large, max-video-preview:-1\" \/>\n<link rel=\"canonical\" href=\"https:\/\/dovida.ch\/fr\/neuigkeiten\/nouvelle-fondation-competence-foundation-dementia-live\/\" \/>\n<meta property=\"og:locale\" content=\"fr_FR\" \/>\n<meta property=\"og:type\" content=\"article\" \/>\n<meta property=\"og:title\" content=\"Nouvelle fondation : Competence Foundation dementia.live - Dovida CH\" \/>\n<meta property=\"og:url\" content=\"https:\/\/dovida.ch\/fr\/neuigkeiten\/nouvelle-fondation-competence-foundation-dementia-live\/\" \/>\n<meta property=\"og:site_name\" content=\"Dovida CH\" \/>\n<meta property=\"article:published_time\" content=\"2025-09-11T09:45:00+00:00\" \/>\n<meta property=\"article:modified_time\" content=\"2025-10-13T15:03:11+00:00\" \/>\n<meta property=\"og:image\" content=\"https:\/\/dovida.ch\/wp-content\/uploads\/sites\/7\/2025\/10\/Stiftung-dementia-live.png\" \/>\n\t<meta property=\"og:image:width\" content=\"863\" \/>\n\t<meta property=\"og:image:height\" content=\"461\" \/>\n\t<meta property=\"og:image:type\" content=\"image\/png\" \/>\n<meta name=\"author\" content=\"guidoherklotz\" \/>\n<meta name=\"twitter:card\" content=\"summary_large_image\" \/>\n<meta name=\"twitter:label1\" content=\"\u00c9crit par\" \/>\n\t<meta name=\"twitter:data1\" content=\"guidoherklotz\" \/>\n\t<meta name=\"twitter:label2\" content=\"Dur\u00e9e de lecture estim\u00e9e\" \/>\n\t<meta name=\"twitter:data2\" content=\"1 minute\" \/>\n<script type=\"application\/ld+json\" class=\"yoast-schema-graph\">{\"@context\":\"https:\/\/schema.org\",\"@graph\":[{\"@type\":\"Article\",\"@id\":\"https:\/\/dovida.ch\/fr\/neuigkeiten\/nouvelle-fondation-competence-foundation-dementia-live\/#article\",\"isPartOf\":{\"@id\":\"https:\/\/dovida.ch\/fr\/neuigkeiten\/nouvelle-fondation-competence-foundation-dementia-live\/\"},\"author\":{\"name\":\"guidoherklotz\",\"@id\":\"https:\/\/dovida.ch\/fr\/#\/schema\/person\/f87d86228cad6d11668df870cd29c719\"},\"headline\":\"Nouvelle fondation : Competence Foundation dementia.live\",\"datePublished\":\"2025-09-11T09:45:00+00:00\",\"dateModified\":\"2025-10-13T15:03:11+00:00\",\"mainEntityOfPage\":{\"@id\":\"https:\/\/dovida.ch\/fr\/neuigkeiten\/nouvelle-fondation-competence-foundation-dementia-live\/\"},\"wordCount\":214,\"publisher\":{\"@id\":\"https:\/\/dovida.ch\/fr\/#organization\"},\"image\":{\"@id\":\"https:\/\/dovida.ch\/fr\/neuigkeiten\/nouvelle-fondation-competence-foundation-dementia-live\/#primaryimage\"},\"thumbnailUrl\":\"https:\/\/dovida.ch\/wp-content\/uploads\/sites\/7\/2025\/10\/Stiftung-dementia-live.png\",\"articleSection\":[\"Blog\",\"News\"],\"inLanguage\":\"fr-FR\"},{\"@type\":\"WebPage\",\"@id\":\"https:\/\/dovida.ch\/fr\/neuigkeiten\/nouvelle-fondation-competence-foundation-dementia-live\/\",\"url\":\"https:\/\/dovida.ch\/fr\/neuigkeiten\/nouvelle-fondation-competence-foundation-dementia-live\/\",\"name\":\"Nouvelle fondation : Competence Foundation dementia.live - Dovida CH\",\"isPartOf\":{\"@id\":\"https:\/\/dovida.ch\/fr\/#website\"},\"primaryImageOfPage\":{\"@id\":\"https:\/\/dovida.ch\/fr\/neuigkeiten\/nouvelle-fondation-competence-foundation-dementia-live\/#primaryimage\"},\"image\":{\"@id\":\"https:\/\/dovida.ch\/fr\/neuigkeiten\/nouvelle-fondation-competence-foundation-dementia-live\/#primaryimage\"},\"thumbnailUrl\":\"https:\/\/dovida.ch\/wp-content\/uploads\/sites\/7\/2025\/10\/Stiftung-dementia-live.png\",\"datePublished\":\"2025-09-11T09:45:00+00:00\",\"dateModified\":\"2025-10-13T15:03:11+00:00\",\"breadcrumb\":{\"@id\":\"https:\/\/dovida.ch\/fr\/neuigkeiten\/nouvelle-fondation-competence-foundation-dementia-live\/#breadcrumb\"},\"inLanguage\":\"fr-FR\",\"potentialAction\":[{\"@type\":\"ReadAction\",\"target\":[\"https:\/\/dovida.ch\/fr\/neuigkeiten\/nouvelle-fondation-competence-foundation-dementia-live\/\"]}]},{\"@type\":\"ImageObject\",\"inLanguage\":\"fr-FR\",\"@id\":\"https:\/\/dovida.ch\/fr\/neuigkeiten\/nouvelle-fondation-competence-foundation-dementia-live\/#primaryimage\",\"url\":\"https:\/\/dovida.ch\/wp-content\/uploads\/sites\/7\/2025\/10\/Stiftung-dementia-live.png\",\"contentUrl\":\"https:\/\/dovida.ch\/wp-content\/uploads\/sites\/7\/2025\/10\/Stiftung-dementia-live.png\",\"width\":863,\"height\":461,\"caption\":\"Stiftungslogo: Farbiger Schmetterling\"},{\"@type\":\"BreadcrumbList\",\"@id\":\"https:\/\/dovida.ch\/fr\/neuigkeiten\/nouvelle-fondation-competence-foundation-dementia-live\/#breadcrumb\",\"itemListElement\":[{\"@type\":\"ListItem\",\"position\":1,\"name\":\"Home\",\"item\":\"https:\/\/dovida.ch\/fr\/\"},{\"@type\":\"ListItem\",\"position\":2,\"name\":\"Nouvelle fondation : Competence Foundation dementia.live\"}]},{\"@type\":\"WebSite\",\"@id\":\"https:\/\/dovida.ch\/fr\/#website\",\"url\":\"https:\/\/dovida.ch\/fr\/\",\"name\":\"Dovida\",\"description\":\"\",\"publisher\":{\"@id\":\"https:\/\/dovida.ch\/fr\/#organization\"},\"potentialAction\":[{\"@type\":\"SearchAction\",\"target\":{\"@type\":\"EntryPoint\",\"urlTemplate\":\"https:\/\/dovida.ch\/fr\/?s={search_term_string}\"},\"query-input\":{\"@type\":\"PropertyValueSpecification\",\"valueRequired\":true,\"valueName\":\"search_term_string\"}}],\"inLanguage\":\"fr-FR\"},{\"@type\":\"Organization\",\"@id\":\"https:\/\/dovida.ch\/fr\/#organization\",\"name\":\"Dovida\",\"url\":\"https:\/\/dovida.ch\/fr\/\",\"logo\":{\"@type\":\"ImageObject\",\"inLanguage\":\"fr-FR\",\"@id\":\"https:\/\/dovida.ch\/fr\/#\/schema\/logo\/image\/\",\"url\":\"https:\/\/dovida.ch\/wp-content\/uploads\/sites\/7\/2025\/03\/organization-logo.jpg\",\"contentUrl\":\"https:\/\/dovida.ch\/wp-content\/uploads\/sites\/7\/2025\/03\/organization-logo.jpg\",\"width\":696,\"height\":696,\"caption\":\"Dovida\"},\"image\":{\"@id\":\"https:\/\/dovida.ch\/fr\/#\/schema\/logo\/image\/\"}},{\"@type\":\"Person\",\"@id\":\"https:\/\/dovida.ch\/fr\/#\/schema\/person\/f87d86228cad6d11668df870cd29c719\",\"name\":\"guidoherklotz\",\"image\":{\"@type\":\"ImageObject\",\"inLanguage\":\"fr-FR\",\"@id\":\"https:\/\/dovida.ch\/fr\/#\/schema\/person\/image\/\",\"url\":\"https:\/\/secure.gravatar.com\/avatar\/a18aad0a3e3860c31bb79cdfff3c53c2f33fbb0c900d8d6b6b8194e629cf50b4?s=96&d=mm&r=g\",\"contentUrl\":\"https:\/\/secure.gravatar.com\/avatar\/a18aad0a3e3860c31bb79cdfff3c53c2f33fbb0c900d8d6b6b8194e629cf50b4?s=96&d=mm&r=g\",\"caption\":\"guidoherklotz\"}}]}<\/script>\n<!-- \/ Yoast SEO plugin. -->","yoast_head_json":{"title":"Nouvelle fondation : Competence Foundation dementia.live - Dovida CH","robots":{"index":"index","follow":"follow","max-snippet":"max-snippet:-1","max-image-preview":"max-image-preview:large","max-video-preview":"max-video-preview:-1"},"canonical":"https:\/\/dovida.ch\/fr\/neuigkeiten\/nouvelle-fondation-competence-foundation-dementia-live\/","og_locale":"fr_FR","og_type":"article","og_title":"Nouvelle fondation : Competence Foundation dementia.live - Dovida CH","og_url":"https:\/\/dovida.ch\/fr\/neuigkeiten\/nouvelle-fondation-competence-foundation-dementia-live\/","og_site_name":"Dovida CH","article_published_time":"2025-09-11T09:45:00+00:00","article_modified_time":"2025-10-13T15:03:11+00:00","og_image":[{"width":863,"height":461,"url":"https:\/\/dovida.ch\/wp-content\/uploads\/sites\/7\/2025\/10\/Stiftung-dementia-live.png","type":"image\/png"}],"author":"guidoherklotz","twitter_card":"summary_large_image","twitter_misc":{"\u00c9crit par":"guidoherklotz","Dur\u00e9e de lecture estim\u00e9e":"1 minute"},"schema":{"@context":"https:\/\/schema.org","@graph":[{"@type":"Article","@id":"https:\/\/dovida.ch\/fr\/neuigkeiten\/nouvelle-fondation-competence-foundation-dementia-live\/#article","isPartOf":{"@id":"https:\/\/dovida.ch\/fr\/neuigkeiten\/nouvelle-fondation-competence-foundation-dementia-live\/"},"author":{"name":"guidoherklotz","@id":"https:\/\/dovida.ch\/fr\/#\/schema\/person\/f87d86228cad6d11668df870cd29c719"},"headline":"Nouvelle fondation : Competence Foundation dementia.live","datePublished":"2025-09-11T09:45:00+00:00","dateModified":"2025-10-13T15:03:11+00:00","mainEntityOfPage":{"@id":"https:\/\/dovida.ch\/fr\/neuigkeiten\/nouvelle-fondation-competence-foundation-dementia-live\/"},"wordCount":214,"publisher":{"@id":"https:\/\/dovida.ch\/fr\/#organization"},"image":{"@id":"https:\/\/dovida.ch\/fr\/neuigkeiten\/nouvelle-fondation-competence-foundation-dementia-live\/#primaryimage"},"thumbnailUrl":"https:\/\/dovida.ch\/wp-content\/uploads\/sites\/7\/2025\/10\/Stiftung-dementia-live.png","articleSection":["Blog","News"],"inLanguage":"fr-FR"},{"@type":"WebPage","@id":"https:\/\/dovida.ch\/fr\/neuigkeiten\/nouvelle-fondation-competence-foundation-dementia-live\/","url":"https:\/\/dovida.ch\/fr\/neuigkeiten\/nouvelle-fondation-competence-foundation-dementia-live\/","name":"Nouvelle fondation : Competence Foundation dementia.live - Dovida CH","isPartOf":{"@id":"https:\/\/dovida.ch\/fr\/#website"},"primaryImageOfPage":{"@id":"https:\/\/dovida.ch\/fr\/neuigkeiten\/nouvelle-fondation-competence-foundation-dementia-live\/#primaryimage"},"image":{"@id":"https:\/\/dovida.ch\/fr\/neuigkeiten\/nouvelle-fondation-competence-foundation-dementia-live\/#primaryimage"},"thumbnailUrl":"https:\/\/dovida.ch\/wp-content\/uploads\/sites\/7\/2025\/10\/Stiftung-dementia-live.png","datePublished":"2025-09-11T09:45:00+00:00","dateModified":"2025-10-13T15:03:11+00:00","breadcrumb":{"@id":"https:\/\/dovida.ch\/fr\/neuigkeiten\/nouvelle-fondation-competence-foundation-dementia-live\/#breadcrumb"},"inLanguage":"fr-FR","potentialAction":[{"@type":"ReadAction","target":["https:\/\/dovida.ch\/fr\/neuigkeiten\/nouvelle-fondation-competence-foundation-dementia-live\/"]}]},{"@type":"ImageObject","inLanguage":"fr-FR","@id":"https:\/\/dovida.ch\/fr\/neuigkeiten\/nouvelle-fondation-competence-foundation-dementia-live\/#primaryimage","url":"https:\/\/dovida.ch\/wp-content\/uploads\/sites\/7\/2025\/10\/Stiftung-dementia-live.png","contentUrl":"https:\/\/dovida.ch\/wp-content\/uploads\/sites\/7\/2025\/10\/Stiftung-dementia-live.png","width":863,"height":461,"caption":"Stiftungslogo: Farbiger Schmetterling"},{"@type":"BreadcrumbList","@id":"https:\/\/dovida.ch\/fr\/neuigkeiten\/nouvelle-fondation-competence-foundation-dementia-live\/#breadcrumb","itemListElement":[{"@type":"ListItem","position":1,"name":"Home","item":"https:\/\/dovida.ch\/fr\/"},{"@type":"ListItem","position":2,"name":"Nouvelle fondation : Competence Foundation dementia.live"}]},{"@type":"WebSite","@id":"https:\/\/dovida.ch\/fr\/#website","url":"https:\/\/dovida.ch\/fr\/","name":"Dovida","description":"","publisher":{"@id":"https:\/\/dovida.ch\/fr\/#organization"},"potentialAction":[{"@type":"SearchAction","target":{"@type":"EntryPoint","urlTemplate":"https:\/\/dovida.ch\/fr\/?s={search_term_string}"},"query-input":{"@type":"PropertyValueSpecification","valueRequired":true,"valueName":"search_term_string"}}],"inLanguage":"fr-FR"},{"@type":"Organization","@id":"https:\/\/dovida.ch\/fr\/#organization","name":"Dovida","url":"https:\/\/dovida.ch\/fr\/","logo":{"@type":"ImageObject","inLanguage":"fr-FR","@id":"https:\/\/dovida.ch\/fr\/#\/schema\/logo\/image\/","url":"https:\/\/dovida.ch\/wp-content\/uploads\/sites\/7\/2025\/03\/organization-logo.jpg","contentUrl":"https:\/\/dovida.ch\/wp-content\/uploads\/sites\/7\/2025\/03\/organization-logo.jpg","width":696,"height":696,"caption":"Dovida"},"image":{"@id":"https:\/\/dovida.ch\/fr\/#\/schema\/logo\/image\/"}},{"@type":"Person","@id":"https:\/\/dovida.ch\/fr\/#\/schema\/person\/f87d86228cad6d11668df870cd29c719","name":"guidoherklotz","image":{"@type":"ImageObject","inLanguage":"fr-FR","@id":"https:\/\/dovida.ch\/fr\/#\/schema\/person\/image\/","url":"https:\/\/secure.gravatar.com\/avatar\/a18aad0a3e3860c31bb79cdfff3c53c2f33fbb0c900d8d6b6b8194e629cf50b4?s=96&d=mm&r=g","contentUrl":"https:\/\/secure.gravatar.com\/avatar\/a18aad0a3e3860c31bb79cdfff3c53c2f33fbb0c900d8d6b6b8194e629cf50b4?s=96&d=mm&r=g","caption":"guidoherklotz"}}]}},"_links":{"self":[{"href":"https:\/\/dovida.ch\/fr\/wp-json\/wp\/v2\/posts\/6228","targetHints":{"allow":["GET"]}}],"collection":[{"href":"https:\/\/dovida.ch\/fr\/wp-json\/wp\/v2\/posts"}],"about":[{"href":"https:\/\/dovida.ch\/fr\/wp-json\/wp\/v2\/types\/post"}],"author":[{"embeddable":true,"href":"https:\/\/dovida.ch\/fr\/wp-json\/wp\/v2\/users\/207"}],"replies":[{"embeddable":true,"href":"https:\/\/dovida.ch\/fr\/wp-json\/wp\/v2\/comments?post=6228"}],"version-history":[{"count":3,"href":"https:\/\/dovida.ch\/fr\/wp-json\/wp\/v2\/posts\/6228\/revisions"}],"predecessor-version":[{"id":6231,"href":"https:\/\/dovida.ch\/fr\/wp-json\/wp\/v2\/posts\/6228\/revisions\/6231"}],"wp:featuredmedia":[{"embeddable":true,"href":"https:\/\/dovida.ch\/fr\/wp-json\/wp\/v2\/media\/6022"}],"wp:attachment":[{"href":"https:\/\/dovida.ch\/fr\/wp-json\/wp\/v2\/media?parent=6228"}],"wp:term":[{"taxonomy":"category","embeddable":true,"href":"https:\/\/dovida.ch\/fr\/wp-json\/wp\/v2\/categories?post=6228"},{"taxonomy":"post_tag","embeddable":true,"href":"https:\/\/dovida.ch\/fr\/wp-json\/wp\/v2\/tags?post=6228"}],"curies":[{"name":"wp","href":"https:\/\/api.w.org\/{rel}","templated":true}]}}