{"id":6025,"date":"2025-09-12T08:22:00","date_gmt":"2025-09-12T08:22:00","guid":{"rendered":"https:\/\/dovida.ch\/neuigkeiten\/competence-foundation-dementia-live-unsere-stiftung-die-neue-perspektiven-aufzeigt\/"},"modified":"2025-10-06T09:18:18","modified_gmt":"2025-10-06T09:18:18","slug":"competence-foundation-dementia-live-unsere-stiftung-die-neue-perspektiven-aufzeigt","status":"publish","type":"post","link":"https:\/\/dovida.ch\/fr\/neuigkeiten\/competence-foundation-dementia-live-unsere-stiftung-die-neue-perspektiven-aufzeigt\/","title":{"rendered":"Neue Stiftung: Competence Foundation dementia.live"},"content":{"rendered":"\n<div class=\"wp-block-group is-layout-flow wp-block-group-is-layout-flow\">\n<section class=\"wp-block-dovida-post-cover mt-post-cover\"><div class=\"mt-post-cover__inner\"><div class=\"mt-post-cover__text-container\"><p class=\"mt-post-cover__category\">Blog<\/p><p class=\"mt-post-cover__date\">12. September 2025<\/p><h1 class=\"mt-post-cover__title\">Neue Stiftung: Competence Foundation dementia.live<\/h1><\/div><\/div><\/section>\n\n\n\n<section class=\"wp-block-dovida-post-content mt-post-content\"><div class=\"mt-post-content__inner\"><div class=\"mt-post-content__content\">\n<p>Aktuell leben 161 100 Menschen mit Demenz in der Schweiz. J\u00e4hrlich kommt es zu 34 800 Neuerkrankungen, das heisst alle 15 Minuten erkrankt jemand neu an Alzheimer oder einer anderen Demenz. <br\/><br\/>Die neue Stiftung dementia.live f\u00f6rdert Projekte im Bereich der Aufkl\u00e4rung und Bewusstseinsbildung zu Alterskrankheiten, insbesondere neurologische Krankheiten wie Alzheimer, sowie angewandte Wissenschaft und Forschung. Es geht darum, Wissen zu vermitteln, Isolation zu verhindern und Menschlichkeit in den Mittelpunkt zu stellen \u2013 heute und in Zukunft. Die Competence Foundation dementia.live ist international t\u00e4tig.  <\/p>\n\n\n\n<p>Stiftungspr\u00e4sidentin und Gesch\u00e4ftsf\u00fchrerin Katrin Fritz meint: \u00abMenschen mit Demenz haben Bed\u00fcrfnisse, W\u00fcnsche und eine Stimme. Wir setzen uns ein, dass sie geh\u00f6rt werden. Und wir m\u00f6chten Br\u00fccken bauen, Vorurteile abbauen und den Weg in eine demenzfreundliche Gesellschaft aktiv und wirkungsvoll mitgestalten.\u00bb<br\/>\n  <br\/>\n    <a href=\"https:\/\/www.dementia.live\/\">Zur Webseite von dementia.live<\/a>\n  \n<\/p>\n<\/div><\/div><\/section>\n\n\n\n<section class=\"wp-block-dovida-post-content mt-post-content\"><div class=\"mt-post-content__inner\"><div class=\"mt-post-content__content\">\n<p><\/p>\n<\/div><\/div><\/section>\n<\/div>\n\n<p><\/p>\n","protected":false},"excerpt":{"rendered":"","protected":false},"author":207,"featured_media":6022,"comment_status":"closed","ping_status":"closed","sticky":false,"template":"","format":"standard","meta":{"_acf_changed":false,"inline_featured_image":false,"footnotes":""},"categories":[4,3],"tags":[],"class_list":["post-6025","post","type-post","status-publish","format-standard","has-post-thumbnail","hentry","category-blog","category-news"],"acf":[],"yoast_head":"<!-- This site is optimized with the Yoast SEO plugin v26.9 - https:\/\/yoast.com\/product\/yoast-seo-wordpress\/ -->\n<title>Neue Stiftung: Competence Foundation dementia.live - Dovida CH<\/title>\n<meta name=\"robots\" content=\"index, follow, max-snippet:-1, max-image-preview:large, max-video-preview:-1\" \/>\n<link rel=\"canonical\" href=\"https:\/\/dovida.ch\/fr\/neuigkeiten\/competence-foundation-dementia-live-unsere-stiftung-die-neue-perspektiven-aufzeigt\/\" \/>\n<meta property=\"og:locale\" content=\"fr_FR\" \/>\n<meta property=\"og:type\" content=\"article\" \/>\n<meta property=\"og:title\" content=\"Neue Stiftung: Competence Foundation dementia.live - Dovida CH\" \/>\n<meta property=\"og:url\" content=\"https:\/\/dovida.ch\/fr\/neuigkeiten\/competence-foundation-dementia-live-unsere-stiftung-die-neue-perspektiven-aufzeigt\/\" \/>\n<meta property=\"og:site_name\" content=\"Dovida CH\" \/>\n<meta property=\"article:published_time\" content=\"2025-09-12T08:22:00+00:00\" \/>\n<meta property=\"article:modified_time\" content=\"2025-10-06T09:18:18+00:00\" \/>\n<meta property=\"og:image\" content=\"https:\/\/dovida.ch\/wp-content\/uploads\/sites\/7\/2025\/10\/Stiftung-dementia-live.png\" \/>\n\t<meta property=\"og:image:width\" content=\"863\" \/>\n\t<meta property=\"og:image:height\" content=\"461\" \/>\n\t<meta property=\"og:image:type\" content=\"image\/png\" \/>\n<meta name=\"author\" content=\"guidoherklotz\" \/>\n<meta name=\"twitter:card\" content=\"summary_large_image\" \/>\n<meta name=\"twitter:label1\" content=\"\u00c9crit par\" \/>\n\t<meta name=\"twitter:data1\" content=\"guidoherklotz\" \/>\n\t<meta name=\"twitter:label2\" content=\"Dur\u00e9e de lecture estim\u00e9e\" \/>\n\t<meta name=\"twitter:data2\" content=\"1 minute\" \/>\n<script type=\"application\/ld+json\" class=\"yoast-schema-graph\">{\"@context\":\"https:\/\/schema.org\",\"@graph\":[{\"@type\":\"Article\",\"@id\":\"https:\/\/dovida.ch\/fr\/neuigkeiten\/competence-foundation-dementia-live-unsere-stiftung-die-neue-perspektiven-aufzeigt\/#article\",\"isPartOf\":{\"@id\":\"https:\/\/dovida.ch\/fr\/neuigkeiten\/competence-foundation-dementia-live-unsere-stiftung-die-neue-perspektiven-aufzeigt\/\"},\"author\":{\"name\":\"guidoherklotz\",\"@id\":\"https:\/\/dovida.ch\/fr\/#\/schema\/person\/f87d86228cad6d11668df870cd29c719\"},\"headline\":\"Neue Stiftung: Competence Foundation dementia.live\",\"datePublished\":\"2025-09-12T08:22:00+00:00\",\"dateModified\":\"2025-10-06T09:18:18+00:00\",\"mainEntityOfPage\":{\"@id\":\"https:\/\/dovida.ch\/fr\/neuigkeiten\/competence-foundation-dementia-live-unsere-stiftung-die-neue-perspektiven-aufzeigt\/\"},\"wordCount\":151,\"publisher\":{\"@id\":\"https:\/\/dovida.ch\/fr\/#organization\"},\"image\":{\"@id\":\"https:\/\/dovida.ch\/fr\/neuigkeiten\/competence-foundation-dementia-live-unsere-stiftung-die-neue-perspektiven-aufzeigt\/#primaryimage\"},\"thumbnailUrl\":\"https:\/\/dovida.ch\/wp-content\/uploads\/sites\/7\/2025\/10\/Stiftung-dementia-live.png\",\"articleSection\":[\"Blog\",\"News\"],\"inLanguage\":\"fr-FR\"},{\"@type\":\"WebPage\",\"@id\":\"https:\/\/dovida.ch\/fr\/neuigkeiten\/competence-foundation-dementia-live-unsere-stiftung-die-neue-perspektiven-aufzeigt\/\",\"url\":\"https:\/\/dovida.ch\/fr\/neuigkeiten\/competence-foundation-dementia-live-unsere-stiftung-die-neue-perspektiven-aufzeigt\/\",\"name\":\"Neue Stiftung: Competence Foundation dementia.live - Dovida CH\",\"isPartOf\":{\"@id\":\"https:\/\/dovida.ch\/fr\/#website\"},\"primaryImageOfPage\":{\"@id\":\"https:\/\/dovida.ch\/fr\/neuigkeiten\/competence-foundation-dementia-live-unsere-stiftung-die-neue-perspektiven-aufzeigt\/#primaryimage\"},\"image\":{\"@id\":\"https:\/\/dovida.ch\/fr\/neuigkeiten\/competence-foundation-dementia-live-unsere-stiftung-die-neue-perspektiven-aufzeigt\/#primaryimage\"},\"thumbnailUrl\":\"https:\/\/dovida.ch\/wp-content\/uploads\/sites\/7\/2025\/10\/Stiftung-dementia-live.png\",\"datePublished\":\"2025-09-12T08:22:00+00:00\",\"dateModified\":\"2025-10-06T09:18:18+00:00\",\"breadcrumb\":{\"@id\":\"https:\/\/dovida.ch\/fr\/neuigkeiten\/competence-foundation-dementia-live-unsere-stiftung-die-neue-perspektiven-aufzeigt\/#breadcrumb\"},\"inLanguage\":\"fr-FR\",\"potentialAction\":[{\"@type\":\"ReadAction\",\"target\":[\"https:\/\/dovida.ch\/fr\/neuigkeiten\/competence-foundation-dementia-live-unsere-stiftung-die-neue-perspektiven-aufzeigt\/\"]}]},{\"@type\":\"ImageObject\",\"inLanguage\":\"fr-FR\",\"@id\":\"https:\/\/dovida.ch\/fr\/neuigkeiten\/competence-foundation-dementia-live-unsere-stiftung-die-neue-perspektiven-aufzeigt\/#primaryimage\",\"url\":\"https:\/\/dovida.ch\/wp-content\/uploads\/sites\/7\/2025\/10\/Stiftung-dementia-live.png\",\"contentUrl\":\"https:\/\/dovida.ch\/wp-content\/uploads\/sites\/7\/2025\/10\/Stiftung-dementia-live.png\",\"width\":863,\"height\":461,\"caption\":\"Stiftungslogo: Farbiger Schmetterling\"},{\"@type\":\"BreadcrumbList\",\"@id\":\"https:\/\/dovida.ch\/fr\/neuigkeiten\/competence-foundation-dementia-live-unsere-stiftung-die-neue-perspektiven-aufzeigt\/#breadcrumb\",\"itemListElement\":[{\"@type\":\"ListItem\",\"position\":1,\"name\":\"Home\",\"item\":\"https:\/\/dovida.ch\/fr\/\"},{\"@type\":\"ListItem\",\"position\":2,\"name\":\"Neue Stiftung: Competence Foundation dementia.live\"}]},{\"@type\":\"WebSite\",\"@id\":\"https:\/\/dovida.ch\/fr\/#website\",\"url\":\"https:\/\/dovida.ch\/fr\/\",\"name\":\"Dovida\",\"description\":\"\",\"publisher\":{\"@id\":\"https:\/\/dovida.ch\/fr\/#organization\"},\"potentialAction\":[{\"@type\":\"SearchAction\",\"target\":{\"@type\":\"EntryPoint\",\"urlTemplate\":\"https:\/\/dovida.ch\/fr\/?s={search_term_string}\"},\"query-input\":{\"@type\":\"PropertyValueSpecification\",\"valueRequired\":true,\"valueName\":\"search_term_string\"}}],\"inLanguage\":\"fr-FR\"},{\"@type\":\"Organization\",\"@id\":\"https:\/\/dovida.ch\/fr\/#organization\",\"name\":\"Dovida\",\"url\":\"https:\/\/dovida.ch\/fr\/\",\"logo\":{\"@type\":\"ImageObject\",\"inLanguage\":\"fr-FR\",\"@id\":\"https:\/\/dovida.ch\/fr\/#\/schema\/logo\/image\/\",\"url\":\"https:\/\/dovida.ch\/wp-content\/uploads\/sites\/7\/2025\/03\/organization-logo.jpg\",\"contentUrl\":\"https:\/\/dovida.ch\/wp-content\/uploads\/sites\/7\/2025\/03\/organization-logo.jpg\",\"width\":696,\"height\":696,\"caption\":\"Dovida\"},\"image\":{\"@id\":\"https:\/\/dovida.ch\/fr\/#\/schema\/logo\/image\/\"}},{\"@type\":\"Person\",\"@id\":\"https:\/\/dovida.ch\/fr\/#\/schema\/person\/f87d86228cad6d11668df870cd29c719\",\"name\":\"guidoherklotz\",\"image\":{\"@type\":\"ImageObject\",\"inLanguage\":\"fr-FR\",\"@id\":\"https:\/\/dovida.ch\/fr\/#\/schema\/person\/image\/\",\"url\":\"https:\/\/secure.gravatar.com\/avatar\/a18aad0a3e3860c31bb79cdfff3c53c2f33fbb0c900d8d6b6b8194e629cf50b4?s=96&d=mm&r=g\",\"contentUrl\":\"https:\/\/secure.gravatar.com\/avatar\/a18aad0a3e3860c31bb79cdfff3c53c2f33fbb0c900d8d6b6b8194e629cf50b4?s=96&d=mm&r=g\",\"caption\":\"guidoherklotz\"}}]}<\/script>\n<!-- \/ Yoast SEO plugin. -->","yoast_head_json":{"title":"Neue Stiftung: Competence Foundation dementia.live - Dovida CH","robots":{"index":"index","follow":"follow","max-snippet":"max-snippet:-1","max-image-preview":"max-image-preview:large","max-video-preview":"max-video-preview:-1"},"canonical":"https:\/\/dovida.ch\/fr\/neuigkeiten\/competence-foundation-dementia-live-unsere-stiftung-die-neue-perspektiven-aufzeigt\/","og_locale":"fr_FR","og_type":"article","og_title":"Neue Stiftung: Competence Foundation dementia.live - Dovida CH","og_url":"https:\/\/dovida.ch\/fr\/neuigkeiten\/competence-foundation-dementia-live-unsere-stiftung-die-neue-perspektiven-aufzeigt\/","og_site_name":"Dovida CH","article_published_time":"2025-09-12T08:22:00+00:00","article_modified_time":"2025-10-06T09:18:18+00:00","og_image":[{"width":863,"height":461,"url":"https:\/\/dovida.ch\/wp-content\/uploads\/sites\/7\/2025\/10\/Stiftung-dementia-live.png","type":"image\/png"}],"author":"guidoherklotz","twitter_card":"summary_large_image","twitter_misc":{"\u00c9crit par":"guidoherklotz","Dur\u00e9e de lecture estim\u00e9e":"1 minute"},"schema":{"@context":"https:\/\/schema.org","@graph":[{"@type":"Article","@id":"https:\/\/dovida.ch\/fr\/neuigkeiten\/competence-foundation-dementia-live-unsere-stiftung-die-neue-perspektiven-aufzeigt\/#article","isPartOf":{"@id":"https:\/\/dovida.ch\/fr\/neuigkeiten\/competence-foundation-dementia-live-unsere-stiftung-die-neue-perspektiven-aufzeigt\/"},"author":{"name":"guidoherklotz","@id":"https:\/\/dovida.ch\/fr\/#\/schema\/person\/f87d86228cad6d11668df870cd29c719"},"headline":"Neue Stiftung: Competence Foundation dementia.live","datePublished":"2025-09-12T08:22:00+00:00","dateModified":"2025-10-06T09:18:18+00:00","mainEntityOfPage":{"@id":"https:\/\/dovida.ch\/fr\/neuigkeiten\/competence-foundation-dementia-live-unsere-stiftung-die-neue-perspektiven-aufzeigt\/"},"wordCount":151,"publisher":{"@id":"https:\/\/dovida.ch\/fr\/#organization"},"image":{"@id":"https:\/\/dovida.ch\/fr\/neuigkeiten\/competence-foundation-dementia-live-unsere-stiftung-die-neue-perspektiven-aufzeigt\/#primaryimage"},"thumbnailUrl":"https:\/\/dovida.ch\/wp-content\/uploads\/sites\/7\/2025\/10\/Stiftung-dementia-live.png","articleSection":["Blog","News"],"inLanguage":"fr-FR"},{"@type":"WebPage","@id":"https:\/\/dovida.ch\/fr\/neuigkeiten\/competence-foundation-dementia-live-unsere-stiftung-die-neue-perspektiven-aufzeigt\/","url":"https:\/\/dovida.ch\/fr\/neuigkeiten\/competence-foundation-dementia-live-unsere-stiftung-die-neue-perspektiven-aufzeigt\/","name":"Neue Stiftung: Competence Foundation dementia.live - Dovida CH","isPartOf":{"@id":"https:\/\/dovida.ch\/fr\/#website"},"primaryImageOfPage":{"@id":"https:\/\/dovida.ch\/fr\/neuigkeiten\/competence-foundation-dementia-live-unsere-stiftung-die-neue-perspektiven-aufzeigt\/#primaryimage"},"image":{"@id":"https:\/\/dovida.ch\/fr\/neuigkeiten\/competence-foundation-dementia-live-unsere-stiftung-die-neue-perspektiven-aufzeigt\/#primaryimage"},"thumbnailUrl":"https:\/\/dovida.ch\/wp-content\/uploads\/sites\/7\/2025\/10\/Stiftung-dementia-live.png","datePublished":"2025-09-12T08:22:00+00:00","dateModified":"2025-10-06T09:18:18+00:00","breadcrumb":{"@id":"https:\/\/dovida.ch\/fr\/neuigkeiten\/competence-foundation-dementia-live-unsere-stiftung-die-neue-perspektiven-aufzeigt\/#breadcrumb"},"inLanguage":"fr-FR","potentialAction":[{"@type":"ReadAction","target":["https:\/\/dovida.ch\/fr\/neuigkeiten\/competence-foundation-dementia-live-unsere-stiftung-die-neue-perspektiven-aufzeigt\/"]}]},{"@type":"ImageObject","inLanguage":"fr-FR","@id":"https:\/\/dovida.ch\/fr\/neuigkeiten\/competence-foundation-dementia-live-unsere-stiftung-die-neue-perspektiven-aufzeigt\/#primaryimage","url":"https:\/\/dovida.ch\/wp-content\/uploads\/sites\/7\/2025\/10\/Stiftung-dementia-live.png","contentUrl":"https:\/\/dovida.ch\/wp-content\/uploads\/sites\/7\/2025\/10\/Stiftung-dementia-live.png","width":863,"height":461,"caption":"Stiftungslogo: Farbiger Schmetterling"},{"@type":"BreadcrumbList","@id":"https:\/\/dovida.ch\/fr\/neuigkeiten\/competence-foundation-dementia-live-unsere-stiftung-die-neue-perspektiven-aufzeigt\/#breadcrumb","itemListElement":[{"@type":"ListItem","position":1,"name":"Home","item":"https:\/\/dovida.ch\/fr\/"},{"@type":"ListItem","position":2,"name":"Neue Stiftung: Competence Foundation dementia.live"}]},{"@type":"WebSite","@id":"https:\/\/dovida.ch\/fr\/#website","url":"https:\/\/dovida.ch\/fr\/","name":"Dovida","description":"","publisher":{"@id":"https:\/\/dovida.ch\/fr\/#organization"},"potentialAction":[{"@type":"SearchAction","target":{"@type":"EntryPoint","urlTemplate":"https:\/\/dovida.ch\/fr\/?s={search_term_string}"},"query-input":{"@type":"PropertyValueSpecification","valueRequired":true,"valueName":"search_term_string"}}],"inLanguage":"fr-FR"},{"@type":"Organization","@id":"https:\/\/dovida.ch\/fr\/#organization","name":"Dovida","url":"https:\/\/dovida.ch\/fr\/","logo":{"@type":"ImageObject","inLanguage":"fr-FR","@id":"https:\/\/dovida.ch\/fr\/#\/schema\/logo\/image\/","url":"https:\/\/dovida.ch\/wp-content\/uploads\/sites\/7\/2025\/03\/organization-logo.jpg","contentUrl":"https:\/\/dovida.ch\/wp-content\/uploads\/sites\/7\/2025\/03\/organization-logo.jpg","width":696,"height":696,"caption":"Dovida"},"image":{"@id":"https:\/\/dovida.ch\/fr\/#\/schema\/logo\/image\/"}},{"@type":"Person","@id":"https:\/\/dovida.ch\/fr\/#\/schema\/person\/f87d86228cad6d11668df870cd29c719","name":"guidoherklotz","image":{"@type":"ImageObject","inLanguage":"fr-FR","@id":"https:\/\/dovida.ch\/fr\/#\/schema\/person\/image\/","url":"https:\/\/secure.gravatar.com\/avatar\/a18aad0a3e3860c31bb79cdfff3c53c2f33fbb0c900d8d6b6b8194e629cf50b4?s=96&d=mm&r=g","contentUrl":"https:\/\/secure.gravatar.com\/avatar\/a18aad0a3e3860c31bb79cdfff3c53c2f33fbb0c900d8d6b6b8194e629cf50b4?s=96&d=mm&r=g","caption":"guidoherklotz"}}]}},"_links":{"self":[{"href":"https:\/\/dovida.ch\/fr\/wp-json\/wp\/v2\/posts\/6025","targetHints":{"allow":["GET"]}}],"collection":[{"href":"https:\/\/dovida.ch\/fr\/wp-json\/wp\/v2\/posts"}],"about":[{"href":"https:\/\/dovida.ch\/fr\/wp-json\/wp\/v2\/types\/post"}],"author":[{"embeddable":true,"href":"https:\/\/dovida.ch\/fr\/wp-json\/wp\/v2\/users\/207"}],"replies":[{"embeddable":true,"href":"https:\/\/dovida.ch\/fr\/wp-json\/wp\/v2\/comments?post=6025"}],"version-history":[{"count":3,"href":"https:\/\/dovida.ch\/fr\/wp-json\/wp\/v2\/posts\/6025\/revisions"}],"predecessor-version":[{"id":6030,"href":"https:\/\/dovida.ch\/fr\/wp-json\/wp\/v2\/posts\/6025\/revisions\/6030"}],"wp:featuredmedia":[{"embeddable":true,"href":"https:\/\/dovida.ch\/fr\/wp-json\/wp\/v2\/media\/6022"}],"wp:attachment":[{"href":"https:\/\/dovida.ch\/fr\/wp-json\/wp\/v2\/media?parent=6025"}],"wp:term":[{"taxonomy":"category","embeddable":true,"href":"https:\/\/dovida.ch\/fr\/wp-json\/wp\/v2\/categories?post=6025"},{"taxonomy":"post_tag","embeddable":true,"href":"https:\/\/dovida.ch\/fr\/wp-json\/wp\/v2\/tags?post=6025"}],"curies":[{"name":"wp","href":"https:\/\/api.w.org\/{rel}","templated":true}]}}