{"id":5872,"date":"2025-09-26T07:28:08","date_gmt":"2025-09-26T07:28:08","guid":{"rendered":"https:\/\/dovida.ch\/?p=5872"},"modified":"2025-10-03T06:58:18","modified_gmt":"2025-10-03T06:58:18","slug":"accompagnement-des-seniors-ensemble-et-les-uns-pour-les-autres","status":"publish","type":"post","link":"https:\/\/dovida.ch\/fr\/neuigkeiten\/accompagnement-des-seniors-ensemble-et-les-uns-pour-les-autres\/","title":{"rendered":"Accompagnement des seniors: \u00abensemble et les uns pour les autres\u00bb"},"content":{"rendered":"\n<div class=\"wp-block-group is-layout-flow wp-block-group-is-layout-flow\">\n<section class=\"wp-block-dovida-post-cover mt-post-cover\"><div class=\"mt-post-cover__inner\"><div class=\"mt-post-cover__text-container\"><p class=\"mt-post-cover__category\">Actualit\u00e9s<\/p><p class=\"mt-post-cover__date\">25. September 2025<\/p><h1 class=\"mt-post-cover__title\">Accompagnement des seniors: \u00abensemble et les uns pour les autres\u00bb<\/h1><\/div><\/div><\/section>\n\n\n\n<section class=\"wp-block-dovida-post-content mt-post-content\"><div class=\"mt-post-content__inner\"><div class=\"mt-post-content__content\">\n<p>Les seniors veulent \u00eatre accompagn\u00e9s sur un pied d\u2019\u00e9galit\u00e9. C\u2019est ce qu\u2019indique le nouveau <a href=\"https:\/\/www.age-stiftung.ch\/public-affairs\/age-dossier-2025\">dossier <\/a>de la Fondation \u00c2ge (en allemand) . La fondation accorde une place centrale \u00e0 l\u2019exp\u00e9rience et aux besoins d\u2019accompagnement des seniors et de leurs proches. \u00c0 l\u2019aide de diff\u00e9rents portraits, le dossier d\u00e9montre l\u2019importance pour les seniors d\u2019un accompagnement qui pr\u00e9serve leur facult\u00e9 d\u2019autonomie. Un point qui se refl\u00e8te dans l\u2019exp\u00e9rience de Dovida et notre approche de l\u2019accompagnement, notre \u00abcercle d\u2019accompagnement\u00bb.    <\/p>\n\n\n\n<div class=\"wp-block-buttons is-layout-flex wp-block-buttons-is-layout-flex\">\n<div class=\"wp-block-button\"><a class=\"wp-block-button__link wp-element-button\" href=\"https:\/\/dovida.ch\/fr\/a-propos-de-nous\/cercle-d-accompagnement\/\">Cercle d\u2019accompagnement<\/a><\/div>\n<\/div>\n<\/div><\/div><\/section>\n<\/div>\n","protected":false},"excerpt":{"rendered":"","protected":false},"author":13,"featured_media":5870,"comment_status":"closed","ping_status":"closed","sticky":false,"template":"","format":"standard","meta":{"_acf_changed":false,"inline_featured_image":false,"footnotes":""},"categories":[3,41],"tags":[],"class_list":["post-5872","post","type-post","status-publish","format-standard","has-post-thumbnail","hentry","category-news","category-news-fr-2"],"acf":[],"yoast_head":"<!-- This site is optimized with the Yoast SEO plugin v26.9 - https:\/\/yoast.com\/product\/yoast-seo-wordpress\/ -->\n<title>Accompagnement des seniors: \u00abensemble et les uns pour les autres\u00bb - Dovida CH<\/title>\n<meta name=\"robots\" content=\"index, follow, max-snippet:-1, max-image-preview:large, max-video-preview:-1\" \/>\n<link rel=\"canonical\" href=\"https:\/\/dovida.ch\/fr\/neuigkeiten\/accompagnement-des-seniors-ensemble-et-les-uns-pour-les-autres\/\" \/>\n<meta property=\"og:locale\" content=\"fr_FR\" \/>\n<meta property=\"og:type\" content=\"article\" \/>\n<meta property=\"og:title\" content=\"Accompagnement des seniors: \u00abensemble et les uns pour les autres\u00bb - Dovida CH\" \/>\n<meta property=\"og:url\" content=\"https:\/\/dovida.ch\/fr\/neuigkeiten\/accompagnement-des-seniors-ensemble-et-les-uns-pour-les-autres\/\" \/>\n<meta property=\"og:site_name\" content=\"Dovida CH\" \/>\n<meta property=\"article:published_time\" content=\"2025-09-26T07:28:08+00:00\" \/>\n<meta property=\"article:modified_time\" content=\"2025-10-03T06:58:18+00:00\" \/>\n<meta property=\"og:image\" content=\"https:\/\/dovida.ch\/wp-content\/uploads\/sites\/7\/2025\/09\/Dovida_AI_Situation03_Outdoor_Europe_2560px_sRGB.jpg\" \/>\n\t<meta property=\"og:image:width\" content=\"2000\" \/>\n\t<meta property=\"og:image:height\" content=\"1595\" \/>\n\t<meta property=\"og:image:type\" content=\"image\/jpeg\" \/>\n<meta name=\"author\" content=\"Patrick H\u00e4fliger\" \/>\n<meta name=\"twitter:card\" content=\"summary_large_image\" \/>\n<meta name=\"twitter:label1\" content=\"\u00c9crit par\" \/>\n\t<meta name=\"twitter:data1\" content=\"Patrick H\u00e4fliger\" \/>\n\t<meta name=\"twitter:label2\" content=\"Dur\u00e9e de lecture estim\u00e9e\" \/>\n\t<meta name=\"twitter:data2\" content=\"1 minute\" \/>\n<script type=\"application\/ld+json\" class=\"yoast-schema-graph\">{\"@context\":\"https:\/\/schema.org\",\"@graph\":[{\"@type\":\"Article\",\"@id\":\"https:\/\/dovida.ch\/fr\/neuigkeiten\/accompagnement-des-seniors-ensemble-et-les-uns-pour-les-autres\/#article\",\"isPartOf\":{\"@id\":\"https:\/\/dovida.ch\/fr\/neuigkeiten\/accompagnement-des-seniors-ensemble-et-les-uns-pour-les-autres\/\"},\"author\":{\"name\":\"Patrick H\u00e4fliger\",\"@id\":\"https:\/\/dovida.ch\/fr\/#\/schema\/person\/dc6ae73bb3a67d5b0627d717e4c86a5f\"},\"headline\":\"Accompagnement des seniors: \u00abensemble et les uns pour les autres\u00bb\",\"datePublished\":\"2025-09-26T07:28:08+00:00\",\"dateModified\":\"2025-10-03T06:58:18+00:00\",\"mainEntityOfPage\":{\"@id\":\"https:\/\/dovida.ch\/fr\/neuigkeiten\/accompagnement-des-seniors-ensemble-et-les-uns-pour-les-autres\/\"},\"wordCount\":118,\"publisher\":{\"@id\":\"https:\/\/dovida.ch\/fr\/#organization\"},\"image\":{\"@id\":\"https:\/\/dovida.ch\/fr\/neuigkeiten\/accompagnement-des-seniors-ensemble-et-les-uns-pour-les-autres\/#primaryimage\"},\"thumbnailUrl\":\"https:\/\/dovida.ch\/wp-content\/uploads\/sites\/7\/2025\/09\/Dovida_AI_Situation03_Outdoor_Europe_2560px_sRGB.jpg\",\"articleSection\":[\"News\",\"News\"],\"inLanguage\":\"fr-FR\"},{\"@type\":\"WebPage\",\"@id\":\"https:\/\/dovida.ch\/fr\/neuigkeiten\/accompagnement-des-seniors-ensemble-et-les-uns-pour-les-autres\/\",\"url\":\"https:\/\/dovida.ch\/fr\/neuigkeiten\/accompagnement-des-seniors-ensemble-et-les-uns-pour-les-autres\/\",\"name\":\"Accompagnement des seniors: \u00abensemble et les uns pour les autres\u00bb - Dovida CH\",\"isPartOf\":{\"@id\":\"https:\/\/dovida.ch\/fr\/#website\"},\"primaryImageOfPage\":{\"@id\":\"https:\/\/dovida.ch\/fr\/neuigkeiten\/accompagnement-des-seniors-ensemble-et-les-uns-pour-les-autres\/#primaryimage\"},\"image\":{\"@id\":\"https:\/\/dovida.ch\/fr\/neuigkeiten\/accompagnement-des-seniors-ensemble-et-les-uns-pour-les-autres\/#primaryimage\"},\"thumbnailUrl\":\"https:\/\/dovida.ch\/wp-content\/uploads\/sites\/7\/2025\/09\/Dovida_AI_Situation03_Outdoor_Europe_2560px_sRGB.jpg\",\"datePublished\":\"2025-09-26T07:28:08+00:00\",\"dateModified\":\"2025-10-03T06:58:18+00:00\",\"breadcrumb\":{\"@id\":\"https:\/\/dovida.ch\/fr\/neuigkeiten\/accompagnement-des-seniors-ensemble-et-les-uns-pour-les-autres\/#breadcrumb\"},\"inLanguage\":\"fr-FR\",\"potentialAction\":[{\"@type\":\"ReadAction\",\"target\":[\"https:\/\/dovida.ch\/fr\/neuigkeiten\/accompagnement-des-seniors-ensemble-et-les-uns-pour-les-autres\/\"]}]},{\"@type\":\"ImageObject\",\"inLanguage\":\"fr-FR\",\"@id\":\"https:\/\/dovida.ch\/fr\/neuigkeiten\/accompagnement-des-seniors-ensemble-et-les-uns-pour-les-autres\/#primaryimage\",\"url\":\"https:\/\/dovida.ch\/wp-content\/uploads\/sites\/7\/2025\/09\/Dovida_AI_Situation03_Outdoor_Europe_2560px_sRGB.jpg\",\"contentUrl\":\"https:\/\/dovida.ch\/wp-content\/uploads\/sites\/7\/2025\/09\/Dovida_AI_Situation03_Outdoor_Europe_2560px_sRGB.jpg\",\"width\":2000,\"height\":1595},{\"@type\":\"BreadcrumbList\",\"@id\":\"https:\/\/dovida.ch\/fr\/neuigkeiten\/accompagnement-des-seniors-ensemble-et-les-uns-pour-les-autres\/#breadcrumb\",\"itemListElement\":[{\"@type\":\"ListItem\",\"position\":1,\"name\":\"Home\",\"item\":\"https:\/\/dovida.ch\/fr\/\"},{\"@type\":\"ListItem\",\"position\":2,\"name\":\"Accompagnement des seniors: \u00abensemble et les uns pour les autres\u00bb\"}]},{\"@type\":\"WebSite\",\"@id\":\"https:\/\/dovida.ch\/fr\/#website\",\"url\":\"https:\/\/dovida.ch\/fr\/\",\"name\":\"Dovida\",\"description\":\"\",\"publisher\":{\"@id\":\"https:\/\/dovida.ch\/fr\/#organization\"},\"potentialAction\":[{\"@type\":\"SearchAction\",\"target\":{\"@type\":\"EntryPoint\",\"urlTemplate\":\"https:\/\/dovida.ch\/fr\/?s={search_term_string}\"},\"query-input\":{\"@type\":\"PropertyValueSpecification\",\"valueRequired\":true,\"valueName\":\"search_term_string\"}}],\"inLanguage\":\"fr-FR\"},{\"@type\":\"Organization\",\"@id\":\"https:\/\/dovida.ch\/fr\/#organization\",\"name\":\"Dovida\",\"url\":\"https:\/\/dovida.ch\/fr\/\",\"logo\":{\"@type\":\"ImageObject\",\"inLanguage\":\"fr-FR\",\"@id\":\"https:\/\/dovida.ch\/fr\/#\/schema\/logo\/image\/\",\"url\":\"https:\/\/dovida.ch\/wp-content\/uploads\/sites\/7\/2025\/03\/organization-logo.jpg\",\"contentUrl\":\"https:\/\/dovida.ch\/wp-content\/uploads\/sites\/7\/2025\/03\/organization-logo.jpg\",\"width\":696,\"height\":696,\"caption\":\"Dovida\"},\"image\":{\"@id\":\"https:\/\/dovida.ch\/fr\/#\/schema\/logo\/image\/\"}},{\"@type\":\"Person\",\"@id\":\"https:\/\/dovida.ch\/fr\/#\/schema\/person\/dc6ae73bb3a67d5b0627d717e4c86a5f\",\"name\":\"Patrick H\u00e4fliger\",\"image\":{\"@type\":\"ImageObject\",\"inLanguage\":\"fr-FR\",\"@id\":\"https:\/\/dovida.ch\/fr\/#\/schema\/person\/image\/\",\"url\":\"https:\/\/secure.gravatar.com\/avatar\/eca90d9aafcd81272410446b6a9d9fb70c5f3f938a21bec3de1477eafde17cf3?s=96&d=mm&r=g\",\"contentUrl\":\"https:\/\/secure.gravatar.com\/avatar\/eca90d9aafcd81272410446b6a9d9fb70c5f3f938a21bec3de1477eafde17cf3?s=96&d=mm&r=g\",\"caption\":\"Patrick H\u00e4fliger\"}}]}<\/script>\n<!-- \/ Yoast SEO plugin. -->","yoast_head_json":{"title":"Accompagnement des seniors: \u00abensemble et les uns pour les autres\u00bb - Dovida CH","robots":{"index":"index","follow":"follow","max-snippet":"max-snippet:-1","max-image-preview":"max-image-preview:large","max-video-preview":"max-video-preview:-1"},"canonical":"https:\/\/dovida.ch\/fr\/neuigkeiten\/accompagnement-des-seniors-ensemble-et-les-uns-pour-les-autres\/","og_locale":"fr_FR","og_type":"article","og_title":"Accompagnement des seniors: \u00abensemble et les uns pour les autres\u00bb - Dovida CH","og_url":"https:\/\/dovida.ch\/fr\/neuigkeiten\/accompagnement-des-seniors-ensemble-et-les-uns-pour-les-autres\/","og_site_name":"Dovida CH","article_published_time":"2025-09-26T07:28:08+00:00","article_modified_time":"2025-10-03T06:58:18+00:00","og_image":[{"width":2000,"height":1595,"url":"https:\/\/dovida.ch\/wp-content\/uploads\/sites\/7\/2025\/09\/Dovida_AI_Situation03_Outdoor_Europe_2560px_sRGB.jpg","type":"image\/jpeg"}],"author":"Patrick H\u00e4fliger","twitter_card":"summary_large_image","twitter_misc":{"\u00c9crit par":"Patrick H\u00e4fliger","Dur\u00e9e de lecture estim\u00e9e":"1 minute"},"schema":{"@context":"https:\/\/schema.org","@graph":[{"@type":"Article","@id":"https:\/\/dovida.ch\/fr\/neuigkeiten\/accompagnement-des-seniors-ensemble-et-les-uns-pour-les-autres\/#article","isPartOf":{"@id":"https:\/\/dovida.ch\/fr\/neuigkeiten\/accompagnement-des-seniors-ensemble-et-les-uns-pour-les-autres\/"},"author":{"name":"Patrick H\u00e4fliger","@id":"https:\/\/dovida.ch\/fr\/#\/schema\/person\/dc6ae73bb3a67d5b0627d717e4c86a5f"},"headline":"Accompagnement des seniors: \u00abensemble et les uns pour les autres\u00bb","datePublished":"2025-09-26T07:28:08+00:00","dateModified":"2025-10-03T06:58:18+00:00","mainEntityOfPage":{"@id":"https:\/\/dovida.ch\/fr\/neuigkeiten\/accompagnement-des-seniors-ensemble-et-les-uns-pour-les-autres\/"},"wordCount":118,"publisher":{"@id":"https:\/\/dovida.ch\/fr\/#organization"},"image":{"@id":"https:\/\/dovida.ch\/fr\/neuigkeiten\/accompagnement-des-seniors-ensemble-et-les-uns-pour-les-autres\/#primaryimage"},"thumbnailUrl":"https:\/\/dovida.ch\/wp-content\/uploads\/sites\/7\/2025\/09\/Dovida_AI_Situation03_Outdoor_Europe_2560px_sRGB.jpg","articleSection":["News","News"],"inLanguage":"fr-FR"},{"@type":"WebPage","@id":"https:\/\/dovida.ch\/fr\/neuigkeiten\/accompagnement-des-seniors-ensemble-et-les-uns-pour-les-autres\/","url":"https:\/\/dovida.ch\/fr\/neuigkeiten\/accompagnement-des-seniors-ensemble-et-les-uns-pour-les-autres\/","name":"Accompagnement des seniors: \u00abensemble et les uns pour les autres\u00bb - Dovida CH","isPartOf":{"@id":"https:\/\/dovida.ch\/fr\/#website"},"primaryImageOfPage":{"@id":"https:\/\/dovida.ch\/fr\/neuigkeiten\/accompagnement-des-seniors-ensemble-et-les-uns-pour-les-autres\/#primaryimage"},"image":{"@id":"https:\/\/dovida.ch\/fr\/neuigkeiten\/accompagnement-des-seniors-ensemble-et-les-uns-pour-les-autres\/#primaryimage"},"thumbnailUrl":"https:\/\/dovida.ch\/wp-content\/uploads\/sites\/7\/2025\/09\/Dovida_AI_Situation03_Outdoor_Europe_2560px_sRGB.jpg","datePublished":"2025-09-26T07:28:08+00:00","dateModified":"2025-10-03T06:58:18+00:00","breadcrumb":{"@id":"https:\/\/dovida.ch\/fr\/neuigkeiten\/accompagnement-des-seniors-ensemble-et-les-uns-pour-les-autres\/#breadcrumb"},"inLanguage":"fr-FR","potentialAction":[{"@type":"ReadAction","target":["https:\/\/dovida.ch\/fr\/neuigkeiten\/accompagnement-des-seniors-ensemble-et-les-uns-pour-les-autres\/"]}]},{"@type":"ImageObject","inLanguage":"fr-FR","@id":"https:\/\/dovida.ch\/fr\/neuigkeiten\/accompagnement-des-seniors-ensemble-et-les-uns-pour-les-autres\/#primaryimage","url":"https:\/\/dovida.ch\/wp-content\/uploads\/sites\/7\/2025\/09\/Dovida_AI_Situation03_Outdoor_Europe_2560px_sRGB.jpg","contentUrl":"https:\/\/dovida.ch\/wp-content\/uploads\/sites\/7\/2025\/09\/Dovida_AI_Situation03_Outdoor_Europe_2560px_sRGB.jpg","width":2000,"height":1595},{"@type":"BreadcrumbList","@id":"https:\/\/dovida.ch\/fr\/neuigkeiten\/accompagnement-des-seniors-ensemble-et-les-uns-pour-les-autres\/#breadcrumb","itemListElement":[{"@type":"ListItem","position":1,"name":"Home","item":"https:\/\/dovida.ch\/fr\/"},{"@type":"ListItem","position":2,"name":"Accompagnement des seniors: \u00abensemble et les uns pour les autres\u00bb"}]},{"@type":"WebSite","@id":"https:\/\/dovida.ch\/fr\/#website","url":"https:\/\/dovida.ch\/fr\/","name":"Dovida","description":"","publisher":{"@id":"https:\/\/dovida.ch\/fr\/#organization"},"potentialAction":[{"@type":"SearchAction","target":{"@type":"EntryPoint","urlTemplate":"https:\/\/dovida.ch\/fr\/?s={search_term_string}"},"query-input":{"@type":"PropertyValueSpecification","valueRequired":true,"valueName":"search_term_string"}}],"inLanguage":"fr-FR"},{"@type":"Organization","@id":"https:\/\/dovida.ch\/fr\/#organization","name":"Dovida","url":"https:\/\/dovida.ch\/fr\/","logo":{"@type":"ImageObject","inLanguage":"fr-FR","@id":"https:\/\/dovida.ch\/fr\/#\/schema\/logo\/image\/","url":"https:\/\/dovida.ch\/wp-content\/uploads\/sites\/7\/2025\/03\/organization-logo.jpg","contentUrl":"https:\/\/dovida.ch\/wp-content\/uploads\/sites\/7\/2025\/03\/organization-logo.jpg","width":696,"height":696,"caption":"Dovida"},"image":{"@id":"https:\/\/dovida.ch\/fr\/#\/schema\/logo\/image\/"}},{"@type":"Person","@id":"https:\/\/dovida.ch\/fr\/#\/schema\/person\/dc6ae73bb3a67d5b0627d717e4c86a5f","name":"Patrick H\u00e4fliger","image":{"@type":"ImageObject","inLanguage":"fr-FR","@id":"https:\/\/dovida.ch\/fr\/#\/schema\/person\/image\/","url":"https:\/\/secure.gravatar.com\/avatar\/eca90d9aafcd81272410446b6a9d9fb70c5f3f938a21bec3de1477eafde17cf3?s=96&d=mm&r=g","contentUrl":"https:\/\/secure.gravatar.com\/avatar\/eca90d9aafcd81272410446b6a9d9fb70c5f3f938a21bec3de1477eafde17cf3?s=96&d=mm&r=g","caption":"Patrick H\u00e4fliger"}}]}},"_links":{"self":[{"href":"https:\/\/dovida.ch\/fr\/wp-json\/wp\/v2\/posts\/5872","targetHints":{"allow":["GET"]}}],"collection":[{"href":"https:\/\/dovida.ch\/fr\/wp-json\/wp\/v2\/posts"}],"about":[{"href":"https:\/\/dovida.ch\/fr\/wp-json\/wp\/v2\/types\/post"}],"author":[{"embeddable":true,"href":"https:\/\/dovida.ch\/fr\/wp-json\/wp\/v2\/users\/13"}],"replies":[{"embeddable":true,"href":"https:\/\/dovida.ch\/fr\/wp-json\/wp\/v2\/comments?post=5872"}],"version-history":[{"count":1,"href":"https:\/\/dovida.ch\/fr\/wp-json\/wp\/v2\/posts\/5872\/revisions"}],"predecessor-version":[{"id":5873,"href":"https:\/\/dovida.ch\/fr\/wp-json\/wp\/v2\/posts\/5872\/revisions\/5873"}],"wp:featuredmedia":[{"embeddable":true,"href":"https:\/\/dovida.ch\/fr\/wp-json\/wp\/v2\/media\/5870"}],"wp:attachment":[{"href":"https:\/\/dovida.ch\/fr\/wp-json\/wp\/v2\/media?parent=5872"}],"wp:term":[{"taxonomy":"category","embeddable":true,"href":"https:\/\/dovida.ch\/fr\/wp-json\/wp\/v2\/categories?post=5872"},{"taxonomy":"post_tag","embeddable":true,"href":"https:\/\/dovida.ch\/fr\/wp-json\/wp\/v2\/tags?post=5872"}],"curies":[{"name":"wp","href":"https:\/\/api.w.org\/{rel}","templated":true}]}}