{"id":3957,"date":"2025-06-24T08:20:10","date_gmt":"2025-06-24T08:20:10","guid":{"rendered":"https:\/\/dovida.ch\/hausse-des-contributions-pour-les-logements-proteges-et-participation-sociale\/"},"modified":"2025-06-24T08:22:03","modified_gmt":"2025-06-24T08:22:03","slug":"hausse-des-contributions-pour-les-logements-proteges-et-participation-sociale","status":"publish","type":"post","link":"https:\/\/dovida.ch\/fr\/neuigkeiten\/hausse-des-contributions-pour-les-logements-proteges-et-participation-sociale\/","title":{"rendered":"Hausse des contributions pour les logements prot\u00e9g\u00e9s et participation sociale"},"content":{"rendered":"\n<div class=\"wp-block-group is-layout-flow wp-block-group-is-layout-flow\">\n<section class=\"wp-block-dovida-post-cover mt-post-cover\"><div class=\"mt-post-cover__inner\"><div class=\"mt-post-cover__text-container\"><p class=\"mt-post-cover__category\">Nouvelles<\/p><p class=\"mt-post-cover__date\">24. Juni 2025<\/p><h1 class=\"mt-post-cover__title\">Hausse des contributions pour les logements prot\u00e9g\u00e9s et participation sociale<\/h1><\/div><\/div><\/section>\n\n\n\n<section class=\"wp-block-dovida-post-content mt-post-content\"><div class=\"mt-post-content__inner\"><div class=\"mt-post-content__content\">\n<p>Les b\u00e9n\u00e9ficiaires de prestations compl\u00e9mentaires \u00e0 l\u2019AVS et l\u2019AI doivent pouvoir vivre plus longtemps \u00e0 leur domicile gr\u00e2ce \u00e0 un accompagnement. Le Conseil des \u00c9tats et le Conseil National se sont prononc\u00e9s en faveur d\u2019une modification de la loi en ce sens \u00e0 la fin de la session d\u2019\u00e9t\u00e9. Les b\u00e9n\u00e9ficiaires de prestations compl\u00e9mentaires qui doivent mettre une chambre \u00e0 disposition pour une assistance de nuit se verront octroyer un montant suppl\u00e9mentaire. En outre, le droit \u00e0 une aide \u00e0 l\u2019organisation du quotidien et \u00e0 la participation sociale a \u00e9galement \u00e9t\u00e9 ancr\u00e9 dans la loi. Le but de cette modification est de soulager les maisons de retraite et les \u00e9tablissements m\u00e9dico-sociaux.    <\/p>\n<\/div><\/div><\/section>\n<\/div>\n","protected":false},"excerpt":{"rendered":"","protected":false},"author":13,"featured_media":3954,"comment_status":"closed","ping_status":"closed","sticky":false,"template":"","format":"standard","meta":{"_acf_changed":false,"inline_featured_image":false,"footnotes":""},"categories":[3],"tags":[],"class_list":["post-3957","post","type-post","status-publish","format-standard","has-post-thumbnail","hentry","category-news"],"acf":[],"yoast_head":"<!-- This site is optimized with the Yoast SEO plugin v26.9 - https:\/\/yoast.com\/product\/yoast-seo-wordpress\/ -->\n<title>Hausse des contributions pour les logements prot\u00e9g\u00e9s et participation sociale - Dovida CH<\/title>\n<meta name=\"robots\" content=\"index, follow, max-snippet:-1, max-image-preview:large, max-video-preview:-1\" \/>\n<link rel=\"canonical\" href=\"https:\/\/dovida.ch\/fr\/neuigkeiten\/hausse-des-contributions-pour-les-logements-proteges-et-participation-sociale\/\" \/>\n<meta property=\"og:locale\" content=\"fr_FR\" \/>\n<meta property=\"og:type\" content=\"article\" \/>\n<meta property=\"og:title\" content=\"Hausse des contributions pour les logements prot\u00e9g\u00e9s et participation sociale - Dovida CH\" \/>\n<meta property=\"og:url\" content=\"https:\/\/dovida.ch\/fr\/neuigkeiten\/hausse-des-contributions-pour-les-logements-proteges-et-participation-sociale\/\" \/>\n<meta property=\"og:site_name\" content=\"Dovida CH\" \/>\n<meta property=\"article:published_time\" content=\"2025-06-24T08:20:10+00:00\" \/>\n<meta property=\"article:modified_time\" content=\"2025-06-24T08:22:03+00:00\" \/>\n<meta property=\"og:image\" content=\"https:\/\/dovida.ch\/wp-content\/uploads\/sites\/7\/2025\/06\/bundeshaus-sued-12-g.jpg\" \/>\n\t<meta property=\"og:image:width\" content=\"2000\" \/>\n\t<meta property=\"og:image:height\" content=\"1304\" \/>\n\t<meta property=\"og:image:type\" content=\"image\/jpeg\" \/>\n<meta name=\"author\" content=\"Patrick H\u00e4fliger\" \/>\n<meta name=\"twitter:card\" content=\"summary_large_image\" \/>\n<meta name=\"twitter:label1\" content=\"\u00c9crit par\" \/>\n\t<meta name=\"twitter:data1\" content=\"Patrick H\u00e4fliger\" \/>\n\t<meta name=\"twitter:label2\" content=\"Dur\u00e9e de lecture estim\u00e9e\" \/>\n\t<meta name=\"twitter:data2\" content=\"1 minute\" \/>\n<script type=\"application\/ld+json\" class=\"yoast-schema-graph\">{\"@context\":\"https:\/\/schema.org\",\"@graph\":[{\"@type\":\"Article\",\"@id\":\"https:\/\/dovida.ch\/fr\/neuigkeiten\/hausse-des-contributions-pour-les-logements-proteges-et-participation-sociale\/#article\",\"isPartOf\":{\"@id\":\"https:\/\/dovida.ch\/fr\/neuigkeiten\/hausse-des-contributions-pour-les-logements-proteges-et-participation-sociale\/\"},\"author\":{\"name\":\"Patrick H\u00e4fliger\",\"@id\":\"https:\/\/dovida.ch\/fr\/#\/schema\/person\/dc6ae73bb3a67d5b0627d717e4c86a5f\"},\"headline\":\"Hausse des contributions pour les logements prot\u00e9g\u00e9s et participation sociale\",\"datePublished\":\"2025-06-24T08:20:10+00:00\",\"dateModified\":\"2025-06-24T08:22:03+00:00\",\"mainEntityOfPage\":{\"@id\":\"https:\/\/dovida.ch\/fr\/neuigkeiten\/hausse-des-contributions-pour-les-logements-proteges-et-participation-sociale\/\"},\"wordCount\":144,\"publisher\":{\"@id\":\"https:\/\/dovida.ch\/fr\/#organization\"},\"image\":{\"@id\":\"https:\/\/dovida.ch\/fr\/neuigkeiten\/hausse-des-contributions-pour-les-logements-proteges-et-participation-sociale\/#primaryimage\"},\"thumbnailUrl\":\"https:\/\/dovida.ch\/wp-content\/uploads\/sites\/7\/2025\/06\/bundeshaus-sued-12-g.jpg\",\"articleSection\":[\"News\"],\"inLanguage\":\"fr-FR\"},{\"@type\":\"WebPage\",\"@id\":\"https:\/\/dovida.ch\/fr\/neuigkeiten\/hausse-des-contributions-pour-les-logements-proteges-et-participation-sociale\/\",\"url\":\"https:\/\/dovida.ch\/fr\/neuigkeiten\/hausse-des-contributions-pour-les-logements-proteges-et-participation-sociale\/\",\"name\":\"Hausse des contributions pour les logements prot\u00e9g\u00e9s et participation sociale - Dovida CH\",\"isPartOf\":{\"@id\":\"https:\/\/dovida.ch\/fr\/#website\"},\"primaryImageOfPage\":{\"@id\":\"https:\/\/dovida.ch\/fr\/neuigkeiten\/hausse-des-contributions-pour-les-logements-proteges-et-participation-sociale\/#primaryimage\"},\"image\":{\"@id\":\"https:\/\/dovida.ch\/fr\/neuigkeiten\/hausse-des-contributions-pour-les-logements-proteges-et-participation-sociale\/#primaryimage\"},\"thumbnailUrl\":\"https:\/\/dovida.ch\/wp-content\/uploads\/sites\/7\/2025\/06\/bundeshaus-sued-12-g.jpg\",\"datePublished\":\"2025-06-24T08:20:10+00:00\",\"dateModified\":\"2025-06-24T08:22:03+00:00\",\"breadcrumb\":{\"@id\":\"https:\/\/dovida.ch\/fr\/neuigkeiten\/hausse-des-contributions-pour-les-logements-proteges-et-participation-sociale\/#breadcrumb\"},\"inLanguage\":\"fr-FR\",\"potentialAction\":[{\"@type\":\"ReadAction\",\"target\":[\"https:\/\/dovida.ch\/fr\/neuigkeiten\/hausse-des-contributions-pour-les-logements-proteges-et-participation-sociale\/\"]}]},{\"@type\":\"ImageObject\",\"inLanguage\":\"fr-FR\",\"@id\":\"https:\/\/dovida.ch\/fr\/neuigkeiten\/hausse-des-contributions-pour-les-logements-proteges-et-participation-sociale\/#primaryimage\",\"url\":\"https:\/\/dovida.ch\/wp-content\/uploads\/sites\/7\/2025\/06\/bundeshaus-sued-12-g.jpg\",\"contentUrl\":\"https:\/\/dovida.ch\/wp-content\/uploads\/sites\/7\/2025\/06\/bundeshaus-sued-12-g.jpg\",\"width\":2000,\"height\":1304,\"caption\":\"-\"},{\"@type\":\"BreadcrumbList\",\"@id\":\"https:\/\/dovida.ch\/fr\/neuigkeiten\/hausse-des-contributions-pour-les-logements-proteges-et-participation-sociale\/#breadcrumb\",\"itemListElement\":[{\"@type\":\"ListItem\",\"position\":1,\"name\":\"Home\",\"item\":\"https:\/\/dovida.ch\/fr\/\"},{\"@type\":\"ListItem\",\"position\":2,\"name\":\"Hausse des contributions pour les logements prot\u00e9g\u00e9s et participation sociale\"}]},{\"@type\":\"WebSite\",\"@id\":\"https:\/\/dovida.ch\/fr\/#website\",\"url\":\"https:\/\/dovida.ch\/fr\/\",\"name\":\"Dovida\",\"description\":\"\",\"publisher\":{\"@id\":\"https:\/\/dovida.ch\/fr\/#organization\"},\"potentialAction\":[{\"@type\":\"SearchAction\",\"target\":{\"@type\":\"EntryPoint\",\"urlTemplate\":\"https:\/\/dovida.ch\/fr\/?s={search_term_string}\"},\"query-input\":{\"@type\":\"PropertyValueSpecification\",\"valueRequired\":true,\"valueName\":\"search_term_string\"}}],\"inLanguage\":\"fr-FR\"},{\"@type\":\"Organization\",\"@id\":\"https:\/\/dovida.ch\/fr\/#organization\",\"name\":\"Dovida\",\"url\":\"https:\/\/dovida.ch\/fr\/\",\"logo\":{\"@type\":\"ImageObject\",\"inLanguage\":\"fr-FR\",\"@id\":\"https:\/\/dovida.ch\/fr\/#\/schema\/logo\/image\/\",\"url\":\"https:\/\/dovida.ch\/wp-content\/uploads\/sites\/7\/2025\/03\/organization-logo.jpg\",\"contentUrl\":\"https:\/\/dovida.ch\/wp-content\/uploads\/sites\/7\/2025\/03\/organization-logo.jpg\",\"width\":696,\"height\":696,\"caption\":\"Dovida\"},\"image\":{\"@id\":\"https:\/\/dovida.ch\/fr\/#\/schema\/logo\/image\/\"}},{\"@type\":\"Person\",\"@id\":\"https:\/\/dovida.ch\/fr\/#\/schema\/person\/dc6ae73bb3a67d5b0627d717e4c86a5f\",\"name\":\"Patrick H\u00e4fliger\",\"image\":{\"@type\":\"ImageObject\",\"inLanguage\":\"fr-FR\",\"@id\":\"https:\/\/dovida.ch\/fr\/#\/schema\/person\/image\/\",\"url\":\"https:\/\/secure.gravatar.com\/avatar\/eca90d9aafcd81272410446b6a9d9fb70c5f3f938a21bec3de1477eafde17cf3?s=96&d=mm&r=g\",\"contentUrl\":\"https:\/\/secure.gravatar.com\/avatar\/eca90d9aafcd81272410446b6a9d9fb70c5f3f938a21bec3de1477eafde17cf3?s=96&d=mm&r=g\",\"caption\":\"Patrick H\u00e4fliger\"}}]}<\/script>\n<!-- \/ Yoast SEO plugin. -->","yoast_head_json":{"title":"Hausse des contributions pour les logements prot\u00e9g\u00e9s et participation sociale - Dovida CH","robots":{"index":"index","follow":"follow","max-snippet":"max-snippet:-1","max-image-preview":"max-image-preview:large","max-video-preview":"max-video-preview:-1"},"canonical":"https:\/\/dovida.ch\/fr\/neuigkeiten\/hausse-des-contributions-pour-les-logements-proteges-et-participation-sociale\/","og_locale":"fr_FR","og_type":"article","og_title":"Hausse des contributions pour les logements prot\u00e9g\u00e9s et participation sociale - Dovida CH","og_url":"https:\/\/dovida.ch\/fr\/neuigkeiten\/hausse-des-contributions-pour-les-logements-proteges-et-participation-sociale\/","og_site_name":"Dovida CH","article_published_time":"2025-06-24T08:20:10+00:00","article_modified_time":"2025-06-24T08:22:03+00:00","og_image":[{"width":2000,"height":1304,"url":"https:\/\/dovida.ch\/wp-content\/uploads\/sites\/7\/2025\/06\/bundeshaus-sued-12-g.jpg","type":"image\/jpeg"}],"author":"Patrick H\u00e4fliger","twitter_card":"summary_large_image","twitter_misc":{"\u00c9crit par":"Patrick H\u00e4fliger","Dur\u00e9e de lecture estim\u00e9e":"1 minute"},"schema":{"@context":"https:\/\/schema.org","@graph":[{"@type":"Article","@id":"https:\/\/dovida.ch\/fr\/neuigkeiten\/hausse-des-contributions-pour-les-logements-proteges-et-participation-sociale\/#article","isPartOf":{"@id":"https:\/\/dovida.ch\/fr\/neuigkeiten\/hausse-des-contributions-pour-les-logements-proteges-et-participation-sociale\/"},"author":{"name":"Patrick H\u00e4fliger","@id":"https:\/\/dovida.ch\/fr\/#\/schema\/person\/dc6ae73bb3a67d5b0627d717e4c86a5f"},"headline":"Hausse des contributions pour les logements prot\u00e9g\u00e9s et participation sociale","datePublished":"2025-06-24T08:20:10+00:00","dateModified":"2025-06-24T08:22:03+00:00","mainEntityOfPage":{"@id":"https:\/\/dovida.ch\/fr\/neuigkeiten\/hausse-des-contributions-pour-les-logements-proteges-et-participation-sociale\/"},"wordCount":144,"publisher":{"@id":"https:\/\/dovida.ch\/fr\/#organization"},"image":{"@id":"https:\/\/dovida.ch\/fr\/neuigkeiten\/hausse-des-contributions-pour-les-logements-proteges-et-participation-sociale\/#primaryimage"},"thumbnailUrl":"https:\/\/dovida.ch\/wp-content\/uploads\/sites\/7\/2025\/06\/bundeshaus-sued-12-g.jpg","articleSection":["News"],"inLanguage":"fr-FR"},{"@type":"WebPage","@id":"https:\/\/dovida.ch\/fr\/neuigkeiten\/hausse-des-contributions-pour-les-logements-proteges-et-participation-sociale\/","url":"https:\/\/dovida.ch\/fr\/neuigkeiten\/hausse-des-contributions-pour-les-logements-proteges-et-participation-sociale\/","name":"Hausse des contributions pour les logements prot\u00e9g\u00e9s et participation sociale - Dovida CH","isPartOf":{"@id":"https:\/\/dovida.ch\/fr\/#website"},"primaryImageOfPage":{"@id":"https:\/\/dovida.ch\/fr\/neuigkeiten\/hausse-des-contributions-pour-les-logements-proteges-et-participation-sociale\/#primaryimage"},"image":{"@id":"https:\/\/dovida.ch\/fr\/neuigkeiten\/hausse-des-contributions-pour-les-logements-proteges-et-participation-sociale\/#primaryimage"},"thumbnailUrl":"https:\/\/dovida.ch\/wp-content\/uploads\/sites\/7\/2025\/06\/bundeshaus-sued-12-g.jpg","datePublished":"2025-06-24T08:20:10+00:00","dateModified":"2025-06-24T08:22:03+00:00","breadcrumb":{"@id":"https:\/\/dovida.ch\/fr\/neuigkeiten\/hausse-des-contributions-pour-les-logements-proteges-et-participation-sociale\/#breadcrumb"},"inLanguage":"fr-FR","potentialAction":[{"@type":"ReadAction","target":["https:\/\/dovida.ch\/fr\/neuigkeiten\/hausse-des-contributions-pour-les-logements-proteges-et-participation-sociale\/"]}]},{"@type":"ImageObject","inLanguage":"fr-FR","@id":"https:\/\/dovida.ch\/fr\/neuigkeiten\/hausse-des-contributions-pour-les-logements-proteges-et-participation-sociale\/#primaryimage","url":"https:\/\/dovida.ch\/wp-content\/uploads\/sites\/7\/2025\/06\/bundeshaus-sued-12-g.jpg","contentUrl":"https:\/\/dovida.ch\/wp-content\/uploads\/sites\/7\/2025\/06\/bundeshaus-sued-12-g.jpg","width":2000,"height":1304,"caption":"-"},{"@type":"BreadcrumbList","@id":"https:\/\/dovida.ch\/fr\/neuigkeiten\/hausse-des-contributions-pour-les-logements-proteges-et-participation-sociale\/#breadcrumb","itemListElement":[{"@type":"ListItem","position":1,"name":"Home","item":"https:\/\/dovida.ch\/fr\/"},{"@type":"ListItem","position":2,"name":"Hausse des contributions pour les logements prot\u00e9g\u00e9s et participation sociale"}]},{"@type":"WebSite","@id":"https:\/\/dovida.ch\/fr\/#website","url":"https:\/\/dovida.ch\/fr\/","name":"Dovida","description":"","publisher":{"@id":"https:\/\/dovida.ch\/fr\/#organization"},"potentialAction":[{"@type":"SearchAction","target":{"@type":"EntryPoint","urlTemplate":"https:\/\/dovida.ch\/fr\/?s={search_term_string}"},"query-input":{"@type":"PropertyValueSpecification","valueRequired":true,"valueName":"search_term_string"}}],"inLanguage":"fr-FR"},{"@type":"Organization","@id":"https:\/\/dovida.ch\/fr\/#organization","name":"Dovida","url":"https:\/\/dovida.ch\/fr\/","logo":{"@type":"ImageObject","inLanguage":"fr-FR","@id":"https:\/\/dovida.ch\/fr\/#\/schema\/logo\/image\/","url":"https:\/\/dovida.ch\/wp-content\/uploads\/sites\/7\/2025\/03\/organization-logo.jpg","contentUrl":"https:\/\/dovida.ch\/wp-content\/uploads\/sites\/7\/2025\/03\/organization-logo.jpg","width":696,"height":696,"caption":"Dovida"},"image":{"@id":"https:\/\/dovida.ch\/fr\/#\/schema\/logo\/image\/"}},{"@type":"Person","@id":"https:\/\/dovida.ch\/fr\/#\/schema\/person\/dc6ae73bb3a67d5b0627d717e4c86a5f","name":"Patrick H\u00e4fliger","image":{"@type":"ImageObject","inLanguage":"fr-FR","@id":"https:\/\/dovida.ch\/fr\/#\/schema\/person\/image\/","url":"https:\/\/secure.gravatar.com\/avatar\/eca90d9aafcd81272410446b6a9d9fb70c5f3f938a21bec3de1477eafde17cf3?s=96&d=mm&r=g","contentUrl":"https:\/\/secure.gravatar.com\/avatar\/eca90d9aafcd81272410446b6a9d9fb70c5f3f938a21bec3de1477eafde17cf3?s=96&d=mm&r=g","caption":"Patrick H\u00e4fliger"}}]}},"_links":{"self":[{"href":"https:\/\/dovida.ch\/fr\/wp-json\/wp\/v2\/posts\/3957","targetHints":{"allow":["GET"]}}],"collection":[{"href":"https:\/\/dovida.ch\/fr\/wp-json\/wp\/v2\/posts"}],"about":[{"href":"https:\/\/dovida.ch\/fr\/wp-json\/wp\/v2\/types\/post"}],"author":[{"embeddable":true,"href":"https:\/\/dovida.ch\/fr\/wp-json\/wp\/v2\/users\/13"}],"replies":[{"embeddable":true,"href":"https:\/\/dovida.ch\/fr\/wp-json\/wp\/v2\/comments?post=3957"}],"version-history":[{"count":1,"href":"https:\/\/dovida.ch\/fr\/wp-json\/wp\/v2\/posts\/3957\/revisions"}],"predecessor-version":[{"id":3958,"href":"https:\/\/dovida.ch\/fr\/wp-json\/wp\/v2\/posts\/3957\/revisions\/3958"}],"wp:featuredmedia":[{"embeddable":true,"href":"https:\/\/dovida.ch\/fr\/wp-json\/wp\/v2\/media\/3954"}],"wp:attachment":[{"href":"https:\/\/dovida.ch\/fr\/wp-json\/wp\/v2\/media?parent=3957"}],"wp:term":[{"taxonomy":"category","embeddable":true,"href":"https:\/\/dovida.ch\/fr\/wp-json\/wp\/v2\/categories?post=3957"},{"taxonomy":"post_tag","embeddable":true,"href":"https:\/\/dovida.ch\/fr\/wp-json\/wp\/v2\/tags?post=3957"}],"curies":[{"name":"wp","href":"https:\/\/api.w.org\/{rel}","templated":true}]}}