{"id":1996,"date":"2025-02-19T22:24:26","date_gmt":"2025-02-19T22:24:26","guid":{"rendered":"https:\/\/dovida.ch\/etude-les-proches-aidants-ont-besoin-de-soutien-2\/"},"modified":"2025-05-01T13:11:55","modified_gmt":"2025-05-01T13:11:55","slug":"etude-les-proches-aidants-ont-besoin-de-soutien-2","status":"publish","type":"post","link":"https:\/\/dovida.ch\/fr\/neuigkeiten\/etude-les-proches-aidants-ont-besoin-de-soutien-2\/","title":{"rendered":"\u00c9tude: les proches aidants ont besoin de soutien"},"content":{"rendered":"\n<p>\/<\/p>\n\n\n\n<section class=\"wp-block-dovida-post-cover mt-post-cover\"><div class=\"mt-post-cover__inner\"><div class=\"mt-post-cover__text-container\"><p class=\"mt-post-cover__category\">Blog<\/p><p class=\"mt-post-cover__date\">February 19, 2025<\/p><h1 class=\"mt-post-cover__title\">\u00c9tude: les proches aidants ont besoin de soutien<\/h1><\/div><figure class=\"wp-block-post-featured-image\"><img decoding=\"async\" width=\"2000\" height=\"1334\" src=\"https:\/\/dovida.ch\/wp-content\/uploads\/sites\/7\/2024\/12\/AdobeStock_126539398-scaled.jpeg\" class=\"attachment-post-thumbnail size-post-thumbnail wp-post-image\" alt=\"\" style=\"object-fit:cover;\" srcset=\"https:\/\/dovida.ch\/wp-content\/uploads\/sites\/7\/2024\/12\/AdobeStock_126539398-scaled.jpeg 2000w, https:\/\/dovida.ch\/wp-content\/uploads\/sites\/7\/2024\/12\/AdobeStock_126539398-300x200.jpeg 300w, https:\/\/dovida.ch\/wp-content\/uploads\/sites\/7\/2024\/12\/AdobeStock_126539398-1024x683.jpeg 1024w, https:\/\/dovida.ch\/wp-content\/uploads\/sites\/7\/2024\/12\/AdobeStock_126539398-768x513.jpeg 768w, https:\/\/dovida.ch\/wp-content\/uploads\/sites\/7\/2024\/12\/AdobeStock_126539398-1536x1025.jpeg 1536w\" sizes=\"(max-width: 2000px) 100vw, 2000px\" \/><\/figure><\/div><\/section>\n\n\n\n<p><\/p>\n\n\n\n<section class=\"wp-block-dovida-post-content mt-post-content\"><div class=\"mt-post-content__inner\"><div class=\"mt-post-content__content\">\n<p>Une r\u00e9cente \u00e9tude de l\u2019universit\u00e9 de Zurich r\u00e9v\u00e8le que plus les personnes s\u2019occupent d\u2019un proche longtemps et intensivement, plus leur propre bien-\u00eatre se d\u00e9grade. Une r\u00e9cente \u00e9tude de l\u2019universit\u00e9 de Zurich r\u00e9v\u00e8le que plus les personnes s\u2019occupent d\u2019un proche longtemps et intensivement, plus leur propre bien-\u00eatre se d\u00e9grade. Les psychologues de Zurich \u00e0 la t\u00eate de l\u2019\u00e9tude ont analys\u00e9 les donn\u00e9es de 28&rsquo;663 proches aidants aux Pays-Bas, en Allemagne et en Australie. Les r\u00e9sultats montrent une baisse continue de leur qualit\u00e9 de vie et de leur sant\u00e9 \u00e9motionnelle, ainsi qu\u2019une augmentation du sentiment de solitude et des angoisses, en particulier chez les femmes. L\u2019\u00e9quipe de recherche en conclut que des mesures doivent \u00eatre mises en place afin de soulager les proches aidants. Il pourrait par exemple s\u2019agir d\u2019un meilleur acc\u00e8s aux soins professionnels de longue dur\u00e9e ou de solutions de soins mixtes. Des offres de soutien individuelles sont n\u00e9cessaires, comme celles propos\u00e9es par Home Instead.<\/p>\n\n\n\n<p><a href=\"https:\/\/www.news.uzh.ch\/de\/articles\/media\/2024\/Pflegende.html\">En savoir plus sur l&rsquo;\u00e9tude (DE\/EN)<\/a><\/p>\n<\/div><\/div><\/section>\n\n\n\n<p><\/p>\n\n\n\n<p><\/p>\n\n\n\n<p><\/p>\n","protected":false},"excerpt":{"rendered":"<p>Une r\u00e9cente \u00e9tude de l\u2019universit\u00e9 de Zurich r\u00e9v\u00e8le que plus les personnes s\u2019occupent d\u2019un proche longtemps et intensivement, plus leur propre bien-\u00eatre se d\u00e9grade.<\/p>\n","protected":false},"author":12,"featured_media":1979,"comment_status":"closed","ping_status":"closed","sticky":false,"template":"single-local-office","format":"standard","meta":{"_acf_changed":false,"inline_featured_image":false,"footnotes":""},"categories":[4],"tags":[],"class_list":["post-1996","post","type-post","status-publish","format-standard","has-post-thumbnail","hentry","category-blog"],"acf":[],"yoast_head":"<!-- This site is optimized with the Yoast SEO plugin v26.9 - https:\/\/yoast.com\/product\/yoast-seo-wordpress\/ -->\n<title>\u00c9tude: les proches aidants ont besoin de soutien - Dovida CH<\/title>\n<meta name=\"robots\" content=\"index, follow, max-snippet:-1, max-image-preview:large, max-video-preview:-1\" \/>\n<link rel=\"canonical\" href=\"https:\/\/dovida.ch\/fr\/neuigkeiten\/etude-les-proches-aidants-ont-besoin-de-soutien-2\/\" \/>\n<meta property=\"og:locale\" content=\"fr_FR\" \/>\n<meta property=\"og:type\" content=\"article\" \/>\n<meta property=\"og:title\" content=\"\u00c9tude: les proches aidants ont besoin de soutien - Dovida CH\" \/>\n<meta property=\"og:description\" content=\"Une r\u00e9cente \u00e9tude de l\u2019universit\u00e9 de Zurich r\u00e9v\u00e8le que plus les personnes s\u2019occupent d\u2019un proche longtemps et intensivement, plus leur propre bien-\u00eatre se d\u00e9grade.\" \/>\n<meta property=\"og:url\" content=\"https:\/\/dovida.ch\/fr\/neuigkeiten\/etude-les-proches-aidants-ont-besoin-de-soutien-2\/\" \/>\n<meta property=\"og:site_name\" content=\"Dovida CH\" \/>\n<meta property=\"article:published_time\" content=\"2025-02-19T22:24:26+00:00\" \/>\n<meta property=\"article:modified_time\" content=\"2025-05-01T13:11:55+00:00\" \/>\n<meta property=\"og:image\" content=\"https:\/\/dovida.ch\/wp-content\/uploads\/sites\/7\/2024\/12\/AdobeStock_126539398-scaled.jpeg\" \/>\n\t<meta property=\"og:image:width\" content=\"2000\" \/>\n\t<meta property=\"og:image:height\" content=\"1334\" \/>\n\t<meta property=\"og:image:type\" content=\"image\/jpeg\" \/>\n<meta name=\"author\" content=\"Joanne Bamarni\" \/>\n<meta name=\"twitter:card\" content=\"summary_large_image\" \/>\n<meta name=\"twitter:label1\" content=\"\u00c9crit par\" \/>\n\t<meta name=\"twitter:data1\" content=\"Joanne Bamarni\" \/>\n\t<meta name=\"twitter:label2\" content=\"Dur\u00e9e de lecture estim\u00e9e\" \/>\n\t<meta name=\"twitter:data2\" content=\"1 minute\" \/>\n<script type=\"application\/ld+json\" class=\"yoast-schema-graph\">{\"@context\":\"https:\/\/schema.org\",\"@graph\":[{\"@type\":\"Article\",\"@id\":\"https:\/\/dovida.ch\/fr\/neuigkeiten\/etude-les-proches-aidants-ont-besoin-de-soutien-2\/#article\",\"isPartOf\":{\"@id\":\"https:\/\/dovida.ch\/fr\/neuigkeiten\/etude-les-proches-aidants-ont-besoin-de-soutien-2\/\"},\"author\":{\"name\":\"Joanne Bamarni\",\"@id\":\"https:\/\/dovida.ch\/fr\/#\/schema\/person\/ef9050db084aef51877ae8227899e7f8\"},\"headline\":\"\u00c9tude: les proches aidants ont besoin de soutien\",\"datePublished\":\"2025-02-19T22:24:26+00:00\",\"dateModified\":\"2025-05-01T13:11:55+00:00\",\"mainEntityOfPage\":{\"@id\":\"https:\/\/dovida.ch\/fr\/neuigkeiten\/etude-les-proches-aidants-ont-besoin-de-soutien-2\/\"},\"wordCount\":207,\"publisher\":{\"@id\":\"https:\/\/dovida.ch\/fr\/#organization\"},\"image\":{\"@id\":\"https:\/\/dovida.ch\/fr\/neuigkeiten\/etude-les-proches-aidants-ont-besoin-de-soutien-2\/#primaryimage\"},\"thumbnailUrl\":\"https:\/\/dovida.ch\/wp-content\/uploads\/sites\/7\/2024\/12\/AdobeStock_126539398-scaled.jpeg\",\"articleSection\":[\"Blog\"],\"inLanguage\":\"fr-FR\"},{\"@type\":\"WebPage\",\"@id\":\"https:\/\/dovida.ch\/fr\/neuigkeiten\/etude-les-proches-aidants-ont-besoin-de-soutien-2\/\",\"url\":\"https:\/\/dovida.ch\/fr\/neuigkeiten\/etude-les-proches-aidants-ont-besoin-de-soutien-2\/\",\"name\":\"\u00c9tude: les proches aidants ont besoin de soutien - Dovida CH\",\"isPartOf\":{\"@id\":\"https:\/\/dovida.ch\/fr\/#website\"},\"primaryImageOfPage\":{\"@id\":\"https:\/\/dovida.ch\/fr\/neuigkeiten\/etude-les-proches-aidants-ont-besoin-de-soutien-2\/#primaryimage\"},\"image\":{\"@id\":\"https:\/\/dovida.ch\/fr\/neuigkeiten\/etude-les-proches-aidants-ont-besoin-de-soutien-2\/#primaryimage\"},\"thumbnailUrl\":\"https:\/\/dovida.ch\/wp-content\/uploads\/sites\/7\/2024\/12\/AdobeStock_126539398-scaled.jpeg\",\"datePublished\":\"2025-02-19T22:24:26+00:00\",\"dateModified\":\"2025-05-01T13:11:55+00:00\",\"breadcrumb\":{\"@id\":\"https:\/\/dovida.ch\/fr\/neuigkeiten\/etude-les-proches-aidants-ont-besoin-de-soutien-2\/#breadcrumb\"},\"inLanguage\":\"fr-FR\",\"potentialAction\":[{\"@type\":\"ReadAction\",\"target\":[\"https:\/\/dovida.ch\/fr\/neuigkeiten\/etude-les-proches-aidants-ont-besoin-de-soutien-2\/\"]}]},{\"@type\":\"ImageObject\",\"inLanguage\":\"fr-FR\",\"@id\":\"https:\/\/dovida.ch\/fr\/neuigkeiten\/etude-les-proches-aidants-ont-besoin-de-soutien-2\/#primaryimage\",\"url\":\"https:\/\/dovida.ch\/wp-content\/uploads\/sites\/7\/2024\/12\/AdobeStock_126539398-scaled.jpeg\",\"contentUrl\":\"https:\/\/dovida.ch\/wp-content\/uploads\/sites\/7\/2024\/12\/AdobeStock_126539398-scaled.jpeg\",\"width\":2000,\"height\":1334,\"caption\":\"Daughter Pushing Senior Mother In Wheelchair\"},{\"@type\":\"BreadcrumbList\",\"@id\":\"https:\/\/dovida.ch\/fr\/neuigkeiten\/etude-les-proches-aidants-ont-besoin-de-soutien-2\/#breadcrumb\",\"itemListElement\":[{\"@type\":\"ListItem\",\"position\":1,\"name\":\"Home\",\"item\":\"https:\/\/dovida.ch\/fr\/\"},{\"@type\":\"ListItem\",\"position\":2,\"name\":\"\u00c9tude: les proches aidants ont besoin de soutien\"}]},{\"@type\":\"WebSite\",\"@id\":\"https:\/\/dovida.ch\/fr\/#website\",\"url\":\"https:\/\/dovida.ch\/fr\/\",\"name\":\"Dovida\",\"description\":\"\",\"publisher\":{\"@id\":\"https:\/\/dovida.ch\/fr\/#organization\"},\"potentialAction\":[{\"@type\":\"SearchAction\",\"target\":{\"@type\":\"EntryPoint\",\"urlTemplate\":\"https:\/\/dovida.ch\/fr\/?s={search_term_string}\"},\"query-input\":{\"@type\":\"PropertyValueSpecification\",\"valueRequired\":true,\"valueName\":\"search_term_string\"}}],\"inLanguage\":\"fr-FR\"},{\"@type\":\"Organization\",\"@id\":\"https:\/\/dovida.ch\/fr\/#organization\",\"name\":\"Dovida\",\"url\":\"https:\/\/dovida.ch\/fr\/\",\"logo\":{\"@type\":\"ImageObject\",\"inLanguage\":\"fr-FR\",\"@id\":\"https:\/\/dovida.ch\/fr\/#\/schema\/logo\/image\/\",\"url\":\"https:\/\/dovida.ch\/wp-content\/uploads\/sites\/7\/2025\/03\/organization-logo.jpg\",\"contentUrl\":\"https:\/\/dovida.ch\/wp-content\/uploads\/sites\/7\/2025\/03\/organization-logo.jpg\",\"width\":696,\"height\":696,\"caption\":\"Dovida\"},\"image\":{\"@id\":\"https:\/\/dovida.ch\/fr\/#\/schema\/logo\/image\/\"}},{\"@type\":\"Person\",\"@id\":\"https:\/\/dovida.ch\/fr\/#\/schema\/person\/ef9050db084aef51877ae8227899e7f8\",\"name\":\"Joanne Bamarni\",\"image\":{\"@type\":\"ImageObject\",\"inLanguage\":\"fr-FR\",\"@id\":\"https:\/\/dovida.ch\/fr\/#\/schema\/person\/image\/\",\"url\":\"https:\/\/secure.gravatar.com\/avatar\/e6aa7ff2724a9535322562ae7e28c8cbffad0024645b94c6be100ab01fecc78d?s=96&d=mm&r=g\",\"contentUrl\":\"https:\/\/secure.gravatar.com\/avatar\/e6aa7ff2724a9535322562ae7e28c8cbffad0024645b94c6be100ab01fecc78d?s=96&d=mm&r=g\",\"caption\":\"Joanne Bamarni\"}}]}<\/script>\n<!-- \/ Yoast SEO plugin. -->","yoast_head_json":{"title":"\u00c9tude: les proches aidants ont besoin de soutien - Dovida CH","robots":{"index":"index","follow":"follow","max-snippet":"max-snippet:-1","max-image-preview":"max-image-preview:large","max-video-preview":"max-video-preview:-1"},"canonical":"https:\/\/dovida.ch\/fr\/neuigkeiten\/etude-les-proches-aidants-ont-besoin-de-soutien-2\/","og_locale":"fr_FR","og_type":"article","og_title":"\u00c9tude: les proches aidants ont besoin de soutien - Dovida CH","og_description":"Une r\u00e9cente \u00e9tude de l\u2019universit\u00e9 de Zurich r\u00e9v\u00e8le que plus les personnes s\u2019occupent d\u2019un proche longtemps et intensivement, plus leur propre bien-\u00eatre se d\u00e9grade.","og_url":"https:\/\/dovida.ch\/fr\/neuigkeiten\/etude-les-proches-aidants-ont-besoin-de-soutien-2\/","og_site_name":"Dovida CH","article_published_time":"2025-02-19T22:24:26+00:00","article_modified_time":"2025-05-01T13:11:55+00:00","og_image":[{"width":2000,"height":1334,"url":"https:\/\/dovida.ch\/wp-content\/uploads\/sites\/7\/2024\/12\/AdobeStock_126539398-scaled.jpeg","type":"image\/jpeg"}],"author":"Joanne Bamarni","twitter_card":"summary_large_image","twitter_misc":{"\u00c9crit par":"Joanne Bamarni","Dur\u00e9e de lecture estim\u00e9e":"1 minute"},"schema":{"@context":"https:\/\/schema.org","@graph":[{"@type":"Article","@id":"https:\/\/dovida.ch\/fr\/neuigkeiten\/etude-les-proches-aidants-ont-besoin-de-soutien-2\/#article","isPartOf":{"@id":"https:\/\/dovida.ch\/fr\/neuigkeiten\/etude-les-proches-aidants-ont-besoin-de-soutien-2\/"},"author":{"name":"Joanne Bamarni","@id":"https:\/\/dovida.ch\/fr\/#\/schema\/person\/ef9050db084aef51877ae8227899e7f8"},"headline":"\u00c9tude: les proches aidants ont besoin de soutien","datePublished":"2025-02-19T22:24:26+00:00","dateModified":"2025-05-01T13:11:55+00:00","mainEntityOfPage":{"@id":"https:\/\/dovida.ch\/fr\/neuigkeiten\/etude-les-proches-aidants-ont-besoin-de-soutien-2\/"},"wordCount":207,"publisher":{"@id":"https:\/\/dovida.ch\/fr\/#organization"},"image":{"@id":"https:\/\/dovida.ch\/fr\/neuigkeiten\/etude-les-proches-aidants-ont-besoin-de-soutien-2\/#primaryimage"},"thumbnailUrl":"https:\/\/dovida.ch\/wp-content\/uploads\/sites\/7\/2024\/12\/AdobeStock_126539398-scaled.jpeg","articleSection":["Blog"],"inLanguage":"fr-FR"},{"@type":"WebPage","@id":"https:\/\/dovida.ch\/fr\/neuigkeiten\/etude-les-proches-aidants-ont-besoin-de-soutien-2\/","url":"https:\/\/dovida.ch\/fr\/neuigkeiten\/etude-les-proches-aidants-ont-besoin-de-soutien-2\/","name":"\u00c9tude: les proches aidants ont besoin de soutien - Dovida CH","isPartOf":{"@id":"https:\/\/dovida.ch\/fr\/#website"},"primaryImageOfPage":{"@id":"https:\/\/dovida.ch\/fr\/neuigkeiten\/etude-les-proches-aidants-ont-besoin-de-soutien-2\/#primaryimage"},"image":{"@id":"https:\/\/dovida.ch\/fr\/neuigkeiten\/etude-les-proches-aidants-ont-besoin-de-soutien-2\/#primaryimage"},"thumbnailUrl":"https:\/\/dovida.ch\/wp-content\/uploads\/sites\/7\/2024\/12\/AdobeStock_126539398-scaled.jpeg","datePublished":"2025-02-19T22:24:26+00:00","dateModified":"2025-05-01T13:11:55+00:00","breadcrumb":{"@id":"https:\/\/dovida.ch\/fr\/neuigkeiten\/etude-les-proches-aidants-ont-besoin-de-soutien-2\/#breadcrumb"},"inLanguage":"fr-FR","potentialAction":[{"@type":"ReadAction","target":["https:\/\/dovida.ch\/fr\/neuigkeiten\/etude-les-proches-aidants-ont-besoin-de-soutien-2\/"]}]},{"@type":"ImageObject","inLanguage":"fr-FR","@id":"https:\/\/dovida.ch\/fr\/neuigkeiten\/etude-les-proches-aidants-ont-besoin-de-soutien-2\/#primaryimage","url":"https:\/\/dovida.ch\/wp-content\/uploads\/sites\/7\/2024\/12\/AdobeStock_126539398-scaled.jpeg","contentUrl":"https:\/\/dovida.ch\/wp-content\/uploads\/sites\/7\/2024\/12\/AdobeStock_126539398-scaled.jpeg","width":2000,"height":1334,"caption":"Daughter Pushing Senior Mother In Wheelchair"},{"@type":"BreadcrumbList","@id":"https:\/\/dovida.ch\/fr\/neuigkeiten\/etude-les-proches-aidants-ont-besoin-de-soutien-2\/#breadcrumb","itemListElement":[{"@type":"ListItem","position":1,"name":"Home","item":"https:\/\/dovida.ch\/fr\/"},{"@type":"ListItem","position":2,"name":"\u00c9tude: les proches aidants ont besoin de soutien"}]},{"@type":"WebSite","@id":"https:\/\/dovida.ch\/fr\/#website","url":"https:\/\/dovida.ch\/fr\/","name":"Dovida","description":"","publisher":{"@id":"https:\/\/dovida.ch\/fr\/#organization"},"potentialAction":[{"@type":"SearchAction","target":{"@type":"EntryPoint","urlTemplate":"https:\/\/dovida.ch\/fr\/?s={search_term_string}"},"query-input":{"@type":"PropertyValueSpecification","valueRequired":true,"valueName":"search_term_string"}}],"inLanguage":"fr-FR"},{"@type":"Organization","@id":"https:\/\/dovida.ch\/fr\/#organization","name":"Dovida","url":"https:\/\/dovida.ch\/fr\/","logo":{"@type":"ImageObject","inLanguage":"fr-FR","@id":"https:\/\/dovida.ch\/fr\/#\/schema\/logo\/image\/","url":"https:\/\/dovida.ch\/wp-content\/uploads\/sites\/7\/2025\/03\/organization-logo.jpg","contentUrl":"https:\/\/dovida.ch\/wp-content\/uploads\/sites\/7\/2025\/03\/organization-logo.jpg","width":696,"height":696,"caption":"Dovida"},"image":{"@id":"https:\/\/dovida.ch\/fr\/#\/schema\/logo\/image\/"}},{"@type":"Person","@id":"https:\/\/dovida.ch\/fr\/#\/schema\/person\/ef9050db084aef51877ae8227899e7f8","name":"Joanne Bamarni","image":{"@type":"ImageObject","inLanguage":"fr-FR","@id":"https:\/\/dovida.ch\/fr\/#\/schema\/person\/image\/","url":"https:\/\/secure.gravatar.com\/avatar\/e6aa7ff2724a9535322562ae7e28c8cbffad0024645b94c6be100ab01fecc78d?s=96&d=mm&r=g","contentUrl":"https:\/\/secure.gravatar.com\/avatar\/e6aa7ff2724a9535322562ae7e28c8cbffad0024645b94c6be100ab01fecc78d?s=96&d=mm&r=g","caption":"Joanne Bamarni"}}]}},"_links":{"self":[{"href":"https:\/\/dovida.ch\/fr\/wp-json\/wp\/v2\/posts\/1996","targetHints":{"allow":["GET"]}}],"collection":[{"href":"https:\/\/dovida.ch\/fr\/wp-json\/wp\/v2\/posts"}],"about":[{"href":"https:\/\/dovida.ch\/fr\/wp-json\/wp\/v2\/types\/post"}],"author":[{"embeddable":true,"href":"https:\/\/dovida.ch\/fr\/wp-json\/wp\/v2\/users\/12"}],"replies":[{"embeddable":true,"href":"https:\/\/dovida.ch\/fr\/wp-json\/wp\/v2\/comments?post=1996"}],"version-history":[{"count":6,"href":"https:\/\/dovida.ch\/fr\/wp-json\/wp\/v2\/posts\/1996\/revisions"}],"predecessor-version":[{"id":3247,"href":"https:\/\/dovida.ch\/fr\/wp-json\/wp\/v2\/posts\/1996\/revisions\/3247"}],"wp:featuredmedia":[{"embeddable":true,"href":"https:\/\/dovida.ch\/fr\/wp-json\/wp\/v2\/media\/1979"}],"wp:attachment":[{"href":"https:\/\/dovida.ch\/fr\/wp-json\/wp\/v2\/media?parent=1996"}],"wp:term":[{"taxonomy":"category","embeddable":true,"href":"https:\/\/dovida.ch\/fr\/wp-json\/wp\/v2\/categories?post=1996"},{"taxonomy":"post_tag","embeddable":true,"href":"https:\/\/dovida.ch\/fr\/wp-json\/wp\/v2\/tags?post=1996"}],"curies":[{"name":"wp","href":"https:\/\/api.w.org\/{rel}","templated":true}]}}